{"id":35695,"date":"2022-12-18T14:47:00","date_gmt":"2022-12-18T17:47:00","guid":{"rendered":"https:\/\/www.radiopresidenteibanez.cl\/web\/?p=35695"},"modified":"2022-12-18T13:06:51","modified_gmt":"2022-12-18T16:06:51","slug":"umag-avanza-11-lugares-en-el-ranking-de-idi-a-nivel-nacional-y-es-la-que-mas-sube","status":"publish","type":"post","link":"https:\/\/www.radiopresidenteibanez.cl\/web\/umag-avanza-11-lugares-en-el-ranking-de-idi-a-nivel-nacional-y-es-la-que-mas-sube\/","title":{"rendered":"<strong>UMAG avanza 11 lugares en el Ranking de I+D+i a nivel nacional y es la que m\u00e1s sube<\/strong>"},"content":{"rendered":"\n<p>Un crecimiento destacado en la capacidad de generar conocimiento tuvo la Universidad de Magallanes (UMAG) en el Ranking en Investigaci\u00f3n, Desarrollo e Innovaci\u00f3n (I+D+i) del Grupo de Estudios Avanzados Universitas.<\/p>\n\n\n\n<p>La casa de estudios subi\u00f3 11 puestos a nivel nacional y fue la que m\u00e1s creci\u00f3, pasando de la posici\u00f3n 36 a la 25, alcanzando 24.5 puntos.<\/p>\n\n\n\n<p>La dimensi\u00f3n donde m\u00e1s se destac\u00f3 la Universidad de Magallanes fue \u201cImpacto y Calidad\u201d (15.5 puntos); luego en \u201cCapacidad y Productividad\u201d (8,6 puntos); y finalmente en \u201cTransferencia e Innovaci\u00f3n\u201d (0,7 puntos).<\/p>\n\n\n\n<p>El rector de la Universidad de Magallanes, Jos\u00e9 Maripani, subray\u00f3 que \u201ctenemos que reconocer el trabajo que las y los investigadores de nuestra universidad han estado desarrollando a trav\u00e9s de muchos a\u00f1os. Sabemos que la investigaci\u00f3n es un proceso de largo plazo, y pasar del lugar 36 al 25 nos llena de orgullo y hay que felicitar a los cient\u00edficos de la universidad\u201d.<\/p>\n\n\n\n<p>En tanto, Claudia Estrada, vicerrectora de Investigaci\u00f3n, Innovaci\u00f3n y Postgrado de la UMAG, plante\u00f3 que \u201cestamos dentro de la mitad de las universidades acreditadas en investigaci\u00f3n y este tipo de ranking tambi\u00e9n pone en la luz sobre el trabajo que se hace durante a\u00f1os, porque un ranking es el d\u00eda de hoy, pero refleja el trabajo durante a\u00f1os y no s\u00f3lo de los investigadores, sino de sus equipos, sus t\u00e9cnicos, sus estudiantes de pre y postgrado\u201d.<\/p>\n\n\n\n<p>Por su parte Marcelo Navarrete, director de Investigaci\u00f3n y Creaci\u00f3n de la U. de Magallanes, subray\u00f3 que \u201clo que ha ocurrido y que ha cambiado la posici\u00f3n en el ranking tiene mucho que ver con la investigaci\u00f3n que se produce, en espec\u00edfico, con el nivel de impacto y calidad de las actividades que realizan los investigadores y acad\u00e9micos de la instituci\u00f3n. Hay varias maneras de medir esto, una de las formas es la cantidad de veces que esta investigaci\u00f3n toma importancia para otras instituciones a nivel nacional e internacional que son las citas cient\u00edficas. Cada una de las publicaciones generadas en la Universidad de Magallanes, tiene un alto n\u00famero de citas, es decir, importa en el contexto mundial la ciencia que aqu\u00ed se genera\u201d.<\/p>\n\n\n\n<p>Navarrete explic\u00f3 que la UMAG tiene cuatro \u00e1reas prioritarias: \u201cciencias ant\u00e1rticas y subant\u00e1rticas, poblamiento humano e identidad regional en altas latitudes, ciencias biom\u00e9dicas con la l\u00ednea de Desarrollo Humano y &nbsp;el \u00e1rea de energ\u00eda y ambiente impulsada hoy por la tecnolog\u00eda de hidr\u00f3geno verde y su reciente instalaci\u00f3n en la regi\u00f3n\u201d.<\/p>\n\n\n\n<p>Sergio Radic, director de Innovaci\u00f3n UMAG, subray\u00f3 que la nueva gesti\u00f3n de la Universidad ha creado la Direcci\u00f3n de Innovaci\u00f3n que es una nueva institucionalidad que lleva cuatro meses funcionando, \u201cy nosotros estamos viendo, con mucho positivismo, el tema del aumento en posibles patentes, el hecho de que vamos a motivar a m\u00e1s colegas que est\u00e1n trabajando en diferentes investigaciones que \u00e9stas puede&nbsp;ser aplicadas y puedan generar protecci\u00f3n de sus invenciones y, de alguna forma, ir mejorando en este tipo de mediciones\u201d.<\/p>\n","protected":false},"excerpt":{"rendered":"<p>Un crecimiento destacado en la capacidad de generar conocimiento tuvo la Universidad de Magallanes (UMAG) en el Ranking en Investigaci\u00f3n, Desarrollo e Innovaci\u00f3n (I+D+i) del Grupo de Estudios Avanzados Universitas&#8230;. <a class=\"read-more\" href=\"https:\/\/www.radiopresidenteibanez.cl\/web\/umag-avanza-11-lugares-en-el-ranking-de-idi-a-nivel-nacional-y-es-la-que-mas-sube\/\">Leer m\u00e1s<\/a><\/p>\n","protected":false},"author":2,"featured_media":35696,"comment_status":"closed","ping_status":"closed","sticky":false,"template":"","format":"standard","meta":{"footnotes":""},"categories":[1],"tags":[],"class_list":["post-35695","post","type-post","status-publish","format-standard","has-post-thumbnail","hentry","category-cronica"],"_links":{"self":[{"href":"https:\/\/www.radiopresidenteibanez.cl\/web\/wp-json\/wp\/v2\/posts\/35695","targetHints":{"allow":["GET"]}}],"collection":[{"href":"https:\/\/www.radiopresidenteibanez.cl\/web\/wp-json\/wp\/v2\/posts"}],"about":[{"href":"https:\/\/www.radiopresidenteibanez.cl\/web\/wp-json\/wp\/v2\/types\/post"}],"author":[{"embeddable":true,"href":"https:\/\/www.radiopresidenteibanez.cl\/web\/wp-json\/wp\/v2\/users\/2"}],"replies":[{"embeddable":true,"href":"https:\/\/www.radiopresidenteibanez.cl\/web\/wp-json\/wp\/v2\/comments?post=35695"}],"version-history":[{"count":0,"href":"https:\/\/www.radiopresidenteibanez.cl\/web\/wp-json\/wp\/v2\/posts\/35695\/revisions"}],"wp:featuredmedia":[{"embeddable":true,"href":"https:\/\/www.radiopresidenteibanez.cl\/web\/wp-json\/wp\/v2\/media\/35696"}],"wp:attachment":[{"href":"https:\/\/www.radiopresidenteibanez.cl\/web\/wp-json\/wp\/v2\/media?parent=35695"}],"wp:term":[{"taxonomy":"category","embeddable":true,"href":"https:\/\/www.radiopresidenteibanez.cl\/web\/wp-json\/wp\/v2\/categories?post=35695"},{"taxonomy":"post_tag","embeddable":true,"href":"https:\/\/www.radiopresidenteibanez.cl\/web\/wp-json\/wp\/v2\/tags?post=35695"}],"curies":[{"name":"wp","href":"https:\/\/api.w.org\/{rel}","templated":true}]}}