{"id":35692,"date":"2022-12-18T13:04:18","date_gmt":"2022-12-18T16:04:18","guid":{"rendered":"https:\/\/www.radiopresidenteibanez.cl\/web\/?p=35692"},"modified":"2022-12-18T13:04:36","modified_gmt":"2022-12-18T16:04:36","slug":"ultimos-dias-para-postular-al-english-summer-camp-del-mineduc","status":"publish","type":"post","link":"https:\/\/www.radiopresidenteibanez.cl\/web\/ultimos-dias-para-postular-al-english-summer-camp-del-mineduc\/","title":{"rendered":"<strong><br>\u00daLTIMOS D\u00cdAS PARA POSTULAR AL ENGLISH SUMMER CAMP DEL MINEDUC\u00a0<\/strong>"},"content":{"rendered":"\n<p>El English Summer Camp es una de las iniciativas desarrolladas por el Programa \u201cIngl\u00e9s Abre Puertas\u201d del Ministerio de Educaci\u00f3n (Mineduc), en el marco de la Pol\u00edtica de Reactivaci\u00f3n Educativa, que tiene como objetivo central que los estudiantes de educaci\u00f3n b\u00e1sica y media puedan practicar el idioma ingl\u00e9s, a trav\u00e9s de una experiencia grupal. Las postulaciones para el programa se extienden hasta este lunes 19 de diciembre, para estudiantes que el 2023 cursar\u00e1n entre 5\u00b0 b\u00e1sico y IV\u00b0 medio.&nbsp;<\/p>\n\n\n\n<p>Cabe destacar que existen dos modalidades, para las y los alumnos de 5\u00b0 y 8\u00b0 b\u00e1sico ser\u00e1 100% online, del 9 al 13 de enero; y para I\u00b0 y IV\u00b0 medio semipresencial, del 9 al 13 de enero en Porvenir, y del 16 al 20 de enero en Punta Arenas. Las y los interesados pueden postular en&nbsp;<a href=\"http:\/\/ingles.mineduc.cl\/\" target=\"_blank\" rel=\"noreferrer noopener\">ingles.mineduc.cl<\/a>&nbsp;hasta las 23:59 horas.&nbsp;<\/p>\n\n\n\n<p><strong>\u00bfQu\u00e9 beneficios tiene la experiencia?&nbsp;&nbsp;<\/strong><\/p>\n\n\n\n<ul class=\"wp-block-list\">\n<li>Motivarte a practicar el idioma ingl\u00e9s en un contexto real.&nbsp;&nbsp;&nbsp;<\/li>\n\n\n\n<li>Libre de costo para quienes resulten seleccionados(as).&nbsp;&nbsp;<\/li>\n\n\n\n<li>Obtendr\u00e1s un diploma de participaci\u00f3n en caso de cumplir con al menos el 60% de participaci\u00f3n.&nbsp;&nbsp;<\/li>\n\n\n\n<li>Alimentaci\u00f3n gratuita (desayuno, almuerzo &amp; snack) durante d\u00edas presenciales (I\u00b0 a IV\u00b0 medio).&nbsp;&nbsp;<\/li>\n\n\n\n<li>Cobertura de seguro de accidentes escolares para los d\u00edas presenciales (I\u00b0 a IV\u00b0 medio).&nbsp;&nbsp;<\/li>\n<\/ul>\n\n\n\n<p><strong>\u00bfCu\u00e1les son los requisitos para postular?&nbsp;&nbsp;<\/strong><\/p>\n\n\n\n<ul class=\"wp-block-list\">\n<li>Ser estudiante entre 5\u00b0 b\u00e1sico y IV\u00b0 medio en 2023 de establecimientos de modalidad HC, TP o Art\u00edstica de dependencia municipal, subvencionado, administraci\u00f3n delegada o SLEP.&nbsp;&nbsp;<\/li>\n\n\n\n<li>Contar con la disponibilidad para participar seg\u00fan tu regi\u00f3n y curso.&nbsp;&nbsp;&nbsp;<\/li>\n\n\n\n<li>Contar con un dispositivo que cuente con conexi\u00f3n a internet estable.&nbsp;&nbsp;<\/li>\n<\/ul>\n\n\n\n<p><strong>De ser seleccionado(a), se te solicitar\u00e1 la siguiente documentaci\u00f3n:&nbsp;&nbsp;<\/strong><\/p>\n\n\n\n<ul class=\"wp-block-list\">\n<li>Copia simple de c\u00e9dula de identidad por ambos lados, comprobante de solicitud de c\u00e9dula o TNE.&nbsp;&nbsp;<\/li>\n\n\n\n<li>Autorizaci\u00f3n de Padre y\/o Apoderado.&nbsp;<\/li>\n\n\n\n<li>Autorizaci\u00f3n Uso de imagen<\/li>\n<\/ul>\n","protected":false},"excerpt":{"rendered":"<p>El English Summer Camp es una de las iniciativas desarrolladas por el Programa \u201cIngl\u00e9s Abre Puertas\u201d del Ministerio de Educaci\u00f3n (Mineduc), en el marco de la Pol\u00edtica de Reactivaci\u00f3n Educativa,&#8230; <a class=\"read-more\" href=\"https:\/\/www.radiopresidenteibanez.cl\/web\/ultimos-dias-para-postular-al-english-summer-camp-del-mineduc\/\">Leer m\u00e1s<\/a><\/p>\n","protected":false},"author":2,"featured_media":35693,"comment_status":"closed","ping_status":"closed","sticky":false,"template":"","format":"standard","meta":{"footnotes":""},"categories":[1],"tags":[],"class_list":["post-35692","post","type-post","status-publish","format-standard","has-post-thumbnail","hentry","category-cronica"],"_links":{"self":[{"href":"https:\/\/www.radiopresidenteibanez.cl\/web\/wp-json\/wp\/v2\/posts\/35692","targetHints":{"allow":["GET"]}}],"collection":[{"href":"https:\/\/www.radiopresidenteibanez.cl\/web\/wp-json\/wp\/v2\/posts"}],"about":[{"href":"https:\/\/www.radiopresidenteibanez.cl\/web\/wp-json\/wp\/v2\/types\/post"}],"author":[{"embeddable":true,"href":"https:\/\/www.radiopresidenteibanez.cl\/web\/wp-json\/wp\/v2\/users\/2"}],"replies":[{"embeddable":true,"href":"https:\/\/www.radiopresidenteibanez.cl\/web\/wp-json\/wp\/v2\/comments?post=35692"}],"version-history":[{"count":0,"href":"https:\/\/www.radiopresidenteibanez.cl\/web\/wp-json\/wp\/v2\/posts\/35692\/revisions"}],"wp:featuredmedia":[{"embeddable":true,"href":"https:\/\/www.radiopresidenteibanez.cl\/web\/wp-json\/wp\/v2\/media\/35693"}],"wp:attachment":[{"href":"https:\/\/www.radiopresidenteibanez.cl\/web\/wp-json\/wp\/v2\/media?parent=35692"}],"wp:term":[{"taxonomy":"category","embeddable":true,"href":"https:\/\/www.radiopresidenteibanez.cl\/web\/wp-json\/wp\/v2\/categories?post=35692"},{"taxonomy":"post_tag","embeddable":true,"href":"https:\/\/www.radiopresidenteibanez.cl\/web\/wp-json\/wp\/v2\/tags?post=35692"}],"curies":[{"name":"wp","href":"https:\/\/api.w.org\/{rel}","templated":true}]}}