{"id":3569,"date":"2019-04-21T21:28:21","date_gmt":"2019-04-21T21:28:21","guid":{"rendered":"http:\/\/www.radiopresidenteibanez.cl\/web\/?p=3569"},"modified":"2019-04-21T21:29:00","modified_gmt":"2019-04-21T21:29:00","slug":"nuestro-desarrollo-regional-por-juan-morano","status":"publish","type":"post","link":"https:\/\/www.radiopresidenteibanez.cl\/web\/nuestro-desarrollo-regional-por-juan-morano\/","title":{"rendered":"NUESTRO DESARROLLO REGIONAL, POR JUAN MORANO"},"content":{"rendered":"\n<p>Cada cierto tiempo nuestra\nregi\u00f3n se ve tensionada por la puesta en marcha o la expansi\u00f3n de iniciativas\nproductivas que bajo la premisa de crear empleos y desarrollo, se instalan en\nMagallanes. Hay que decir que adem\u00e1s de crear empleo y poder generar desarrollo\ngeneran importantes utilidades para sus due\u00f1os e inversionistas l\u00f3gicamente.<\/p>\n\n\n\n<p>La pol\u00e9mica casi siempre ha\nestado presente entre quienes est\u00e1n a favor y los que generalmente por\nprotecci\u00f3n ambiental y del ecosistema &nbsp;se\noponen o exigen m\u00e1s y mejor regulaciones y control. Esto no es nuevo y no\nqueremos referirnos s\u00f3lo a las disyuntivas presentes, Carb\u00f3n con Tronaduras y\ncultivos de Salmones en la provincia Ant\u00e1rtica Chilena.&nbsp; La historia reciente y pasada de Magallanes est\u00e1\nescrita con conflictos similares, que en algunos casos, en el pasado no\ngeneraron resistencia, al menos de los chilenos y los magall\u00e1nicos, por\nejemplo, cuando se&nbsp; comenzaba a\nintroducir la ganader\u00eda y hab\u00eda que \u201chacerle espacio\u201d a las ovejas, se hizo roce\na fuego en nuestros bosques, cuyos restos encanecidos ya sea de &nbsp;pie o derribados podemos ver en casi todo\nnuestro territorio, no dijimos nada, Despu\u00e9s el bosque era rentable, entonces hab\u00eda\nque hacerlos chips para exportar, fracasaron. Ruido hizo el intento de\ninstalaci\u00f3n, de una gran represa, para generar energ\u00eda para una planta de\naluminio, y as\u00ed, &nbsp;muchos casos m\u00e1s.<\/p>\n\n\n\n<p>Con ilusi\u00f3n, en variadas\noportunidades he sido parte de quienes desean poder aportar en establecer\ncriterios claros, par\u00e1metros fiables para el desarrollo, reconozco mi fracaso, y\nas\u00ed por ejemplo determinar sectores para la Acuicultura, el Turismo y la\nRecreaci\u00f3n y la Pesca Artesanal de nuestras extensas costas, lo que\ndesgraciadamente no ha ocurrido o encuentra trabas serias para poder aplicar\ncriterios l\u00f3gicos, que deben ir m\u00e1s all\u00e1 del posible empleo, del desarrollo y\nde las leg\u00edtimas utilidades. <\/p>\n\n\n\n<p>Como regi\u00f3n y comunidad\nestamos en deuda, no tenemos, estrategias,&nbsp;\nplanes y programas de desarrollo regional, y cuando los hemos tenidos,\nhan sido ef\u00edmeros no se han actualizado, la autoridad pol\u00edtica ha sido d\u00e9bil en\naplicarlos y queda atrapada en el d\u00eda a d\u00eda, o en los indicadores de empleo, de\nproductividad, etc. Las organizaciones sociales de todo tipo desde las\ngremiales a las profesionales y sociales, han sido poco constante y\nperseverante, o han privilegiado s\u00f3lo una arista.<\/p>\n\n\n\n<p>La Estrategia a mi juicio,\nes un conjunto de acciones planificadas sistem\u00e1ticamente en el tiempo que se\nllevan a cabo para lograr el fin o misi\u00f3n establecida como anhelo com\u00fan. <\/p>\n\n\n\n<p>Un Plan de Desarrollo es un\ninstrumento de gesti\u00f3n para impulsar el desarrollo social del territorio, en un\nproceso social permanente, eficiente, sustentable y sostenible para identificar\nlos objetivos, estrategias, metas, procedimientos y recursos, que respondan a\nlos prop\u00f3sitos de progreso y bienestar identificados por la regi\u00f3n. <\/p>\n\n\n\n<p>La regionalizaci\u00f3n en marcha,\nque es m\u00e1s que la simple elecci\u00f3n de nuestras autoridades, debe hacernos\nmeditar en lo necesario de empezar ya entre todos y todas el trabajo, as\u00ed habr\u00e1\ncerteza que no importa qui\u00e9n administre la regi\u00f3n (gobierne), nuestro\ndesarrollo ser\u00e1 coherente con lo que definimos como bueno para nosotros los\nmagall\u00e1nicos como parte de nuestro pa\u00eds.<\/p>\n\n\n\n<p>Debemos definir ya nuestras\nprioridades, nuestro fin, nuestra misi\u00f3n.<\/p>\n\n\n\n<p>Como comentario adicional, no se ve como razonable instalar jaulas con salmones, en la Provincia Ant\u00e1rtica, en Cabo de Hornos, en sitios, donde por defender nuestra soberan\u00eda, casi perdemos la paz.\u00a0 Si es el lugar de las condiciones ambientales m\u00e1s puras y de las aguas m\u00e1s limpias del planeta, \u00bfser\u00e1 necesario ensuciarlas, contaminarlas, con los l\u00f3gicos desechos de la salmonicultura, no habr\u00e1 un lugar mejor para aquello?<\/p>\n\n\n\n<figure class=\"wp-block-image\"><img loading=\"lazy\" decoding=\"async\" width=\"730\" height=\"420\" src=\"http:\/\/www.radiopresidenteibanez.cl\/web\/wp-content\/uploads\/2019\/03\/morano-730x420.jpg\" alt=\"\" class=\"wp-image-1768\" srcset=\"https:\/\/www.radiopresidenteibanez.cl\/web\/wp-content\/uploads\/2019\/03\/morano-730x420.jpg 730w, https:\/\/www.radiopresidenteibanez.cl\/web\/wp-content\/uploads\/2019\/03\/morano-730x420-300x173.jpg 300w\" sizes=\"auto, (max-width: 730px) 100vw, 730px\" \/><\/figure>\n","protected":false},"excerpt":{"rendered":"<p>Cada cierto tiempo nuestra regi\u00f3n se ve tensionada por la puesta en marcha o la expansi\u00f3n de iniciativas productivas que bajo la premisa de crear empleos y desarrollo, se instalan&#8230; <a class=\"read-more\" href=\"https:\/\/www.radiopresidenteibanez.cl\/web\/nuestro-desarrollo-regional-por-juan-morano\/\">Leer m\u00e1s<\/a><\/p>\n","protected":false},"author":2,"featured_media":1768,"comment_status":"closed","ping_status":"closed","sticky":false,"template":"","format":"standard","meta":{"footnotes":""},"categories":[1],"tags":[],"class_list":["post-3569","post","type-post","status-publish","format-standard","has-post-thumbnail","hentry","category-cronica"],"_links":{"self":[{"href":"https:\/\/www.radiopresidenteibanez.cl\/web\/wp-json\/wp\/v2\/posts\/3569","targetHints":{"allow":["GET"]}}],"collection":[{"href":"https:\/\/www.radiopresidenteibanez.cl\/web\/wp-json\/wp\/v2\/posts"}],"about":[{"href":"https:\/\/www.radiopresidenteibanez.cl\/web\/wp-json\/wp\/v2\/types\/post"}],"author":[{"embeddable":true,"href":"https:\/\/www.radiopresidenteibanez.cl\/web\/wp-json\/wp\/v2\/users\/2"}],"replies":[{"embeddable":true,"href":"https:\/\/www.radiopresidenteibanez.cl\/web\/wp-json\/wp\/v2\/comments?post=3569"}],"version-history":[{"count":0,"href":"https:\/\/www.radiopresidenteibanez.cl\/web\/wp-json\/wp\/v2\/posts\/3569\/revisions"}],"wp:featuredmedia":[{"embeddable":true,"href":"https:\/\/www.radiopresidenteibanez.cl\/web\/wp-json\/wp\/v2\/media\/1768"}],"wp:attachment":[{"href":"https:\/\/www.radiopresidenteibanez.cl\/web\/wp-json\/wp\/v2\/media?parent=3569"}],"wp:term":[{"taxonomy":"category","embeddable":true,"href":"https:\/\/www.radiopresidenteibanez.cl\/web\/wp-json\/wp\/v2\/categories?post=3569"},{"taxonomy":"post_tag","embeddable":true,"href":"https:\/\/www.radiopresidenteibanez.cl\/web\/wp-json\/wp\/v2\/tags?post=3569"}],"curies":[{"name":"wp","href":"https:\/\/api.w.org\/{rel}","templated":true}]}}