{"id":35686,"date":"2022-12-17T16:31:00","date_gmt":"2022-12-17T19:31:00","guid":{"rendered":"https:\/\/www.radiopresidenteibanez.cl\/web\/?p=35686"},"modified":"2022-12-16T22:23:39","modified_gmt":"2022-12-17T01:23:39","slug":"en-centro-cultural-de-punta-arenas-se-desarrollo-seminario-ancore","status":"publish","type":"post","link":"https:\/\/www.radiopresidenteibanez.cl\/web\/en-centro-cultural-de-punta-arenas-se-desarrollo-seminario-ancore\/","title":{"rendered":"En Centro Cultural de Punta Arenas se desarroll\u00f3 Seminario ANCORE"},"content":{"rendered":"\n<p>Alrededor de 60 Consejeros fueron los asistentes a las jornadas de trabajo que se realizaron en las<br>dependencias los d\u00edas 15 y 16 de diciembre<br>Actividad organizada por la Subsecretar\u00eda de Desarrollo Regional y Administrativo (SUBDERE) y por<br>la Asociaci\u00f3n Nacional de Consejeros Regionales (ANCORE) tuvo como prop\u00f3sito conocer la<br>gesti\u00f3n presupuestaria y de inversi\u00f3n realizada durante este periodo 2022 y de las proyecciones<br>para el a\u00f1o 2023. Alejandro Riquelme D en representaci\u00f3n del Consejo de Magallanes expuso ante<br>los invitados se\u00f1alando la gran labor acabada \u2018\u2019 hay que entender que cuando un presupuesto no<br>se ejecuta o no se gasta, nos quitan la plata y en eso Magallanes ha dado un ejemplo en los<br>\u00faltimos 10 a\u00f1os de ser la Regi\u00f3n que mejor ejecuci\u00f3n presupuestaria tiene\u2019\u2019.<br>Secretaria ejecutiva tuvo la oportunidad de conversar con el Presidente ANCORE Marcelo Carrasco<br>de la Araucan\u00eda qui\u00e9n felicit\u00f3 a sus colegas de Magallanes; \u2018\u2019 hablan de los convenios de<br>programaci\u00f3n en salud y vivienda, el tema de vivienda es s\u00faper importante, porque es el sue\u00f1o de<br>la casa propia de toda familia, asique me lo llevo bien anotado\u2019\u2019.<br>Dichas reuniones se realizan a lo largo del a\u00f1o en diferentes ciudades de las regiones del pa\u00eds para<br>poder fortalecer su rol como Cuerpo Colegiado.<\/p>\n","protected":false},"excerpt":{"rendered":"<p>Alrededor de 60 Consejeros fueron los asistentes a las jornadas de trabajo que se realizaron en lasdependencias los d\u00edas 15 y 16 de diciembreActividad organizada por la Subsecretar\u00eda de Desarrollo&#8230; <a class=\"read-more\" href=\"https:\/\/www.radiopresidenteibanez.cl\/web\/en-centro-cultural-de-punta-arenas-se-desarrollo-seminario-ancore\/\">Leer m\u00e1s<\/a><\/p>\n","protected":false},"author":2,"featured_media":35687,"comment_status":"closed","ping_status":"closed","sticky":false,"template":"","format":"standard","meta":{"footnotes":""},"categories":[1],"tags":[],"class_list":["post-35686","post","type-post","status-publish","format-standard","has-post-thumbnail","hentry","category-cronica"],"_links":{"self":[{"href":"https:\/\/www.radiopresidenteibanez.cl\/web\/wp-json\/wp\/v2\/posts\/35686","targetHints":{"allow":["GET"]}}],"collection":[{"href":"https:\/\/www.radiopresidenteibanez.cl\/web\/wp-json\/wp\/v2\/posts"}],"about":[{"href":"https:\/\/www.radiopresidenteibanez.cl\/web\/wp-json\/wp\/v2\/types\/post"}],"author":[{"embeddable":true,"href":"https:\/\/www.radiopresidenteibanez.cl\/web\/wp-json\/wp\/v2\/users\/2"}],"replies":[{"embeddable":true,"href":"https:\/\/www.radiopresidenteibanez.cl\/web\/wp-json\/wp\/v2\/comments?post=35686"}],"version-history":[{"count":0,"href":"https:\/\/www.radiopresidenteibanez.cl\/web\/wp-json\/wp\/v2\/posts\/35686\/revisions"}],"wp:featuredmedia":[{"embeddable":true,"href":"https:\/\/www.radiopresidenteibanez.cl\/web\/wp-json\/wp\/v2\/media\/35687"}],"wp:attachment":[{"href":"https:\/\/www.radiopresidenteibanez.cl\/web\/wp-json\/wp\/v2\/media?parent=35686"}],"wp:term":[{"taxonomy":"category","embeddable":true,"href":"https:\/\/www.radiopresidenteibanez.cl\/web\/wp-json\/wp\/v2\/categories?post=35686"},{"taxonomy":"post_tag","embeddable":true,"href":"https:\/\/www.radiopresidenteibanez.cl\/web\/wp-json\/wp\/v2\/tags?post=35686"}],"curies":[{"name":"wp","href":"https:\/\/api.w.org\/{rel}","templated":true}]}}