{"id":35683,"date":"2022-12-17T15:15:00","date_gmt":"2022-12-17T18:15:00","guid":{"rendered":"https:\/\/www.radiopresidenteibanez.cl\/web\/?p=35683"},"modified":"2022-12-16T22:20:08","modified_gmt":"2022-12-17T01:20:08","slug":"fortalecida-por-nuevos-integrantes-se-realizosesion-de-mesa-cuenca","status":"publish","type":"post","link":"https:\/\/www.radiopresidenteibanez.cl\/web\/fortalecida-por-nuevos-integrantes-se-realizosesion-de-mesa-cuenca\/","title":{"rendered":"Fortalecida por nuevos integrantes se realiz\u00f3<br>Sesi\u00f3n de Mesa Cuenca"},"content":{"rendered":"\n<p>En la Delegaci\u00f3n Presidencial Regional se<br>realiz\u00f3 sesi\u00f3n de la Mesa T\u00e9cnica Cuenca R\u00edo de las Minas<br>Marzo de 1945, abril de 1956, mayo de 1990 y marzo del 2012, son las cuatro fechas marcadas en<br>la historia de desbordes del r\u00edo Las Minas, que cruza la ciudad de Punta Arenas, y que dejaron<br>devastado el centro de la ciudad y alrededores. La \u00faltima vez a\u00fan est\u00e1 en la memoria de<br>magall\u00e1nicos y magall\u00e1nicas.<br>Por eso la relevancia de esta mesa de expertos, la Mesa Cuenca, liderada por la Delegaci\u00f3n<br>Presidencial Regional. En ese sentido, la Delegada Luz Berm\u00fadez explica que la mesa es \u201cuna<br>instancia de an\u00e1lisis y coordinaci\u00f3n territorial, que nos permite realizar el seguimiento de acciones<br>efectivas de prevenci\u00f3n y mitigaci\u00f3n, las que son realizadas por los Servicios P\u00fablicos que<br>participan, en funci\u00f3n de la Gesti\u00f3n del Riesgo de Desastres y en beneficio directo de los<br>habitantes de nuestra ciudad. Esta mesa es importante porque todas las acciones y decisiones<br>t\u00e9cnicas que se est\u00e1n tomando ac\u00e1, as\u00ed como el seguimiento, tienen como principal objetivo<br>entregar seguridad a la ciudad de Punta Arenas, frente a la potencial amenaza de desborde que ya<br>ha sucedido anteriormente\u201d.<br>Con la coordinaci\u00f3n de la Delegaci\u00f3n Presidencial, la Mesa Cuenca est\u00e1 integrada por: CONAF,<br>DOH, Coordinaci\u00f3n y Emergencias de DPR, la DGA, SERNAGEOMIN, ONEMI, la Municipalidad de<br>Punta Arenas y recientemente, producto del aumento del alcance en t\u00e9rminos de Riesgos de<br>Desastres asociados, esta instancia ha ampliado la convocatoria a las Seremis de Agricultura,<br>Medio Ambiente, Obras P\u00fablicas, Miner\u00eda y Salud.<br>En la sesi\u00f3n de hoy se abord\u00f3 el tema de la renovaci\u00f3n del Programa de Sistemas de Monitoreo y<br>Alerta Temprana de Eventos Geol\u00f3gicos e Hidrometeorol\u00f3gicos en la Cuenca Rural del R\u00edo de Las<br>Minas, la Elaboraci\u00f3n de Hip\u00f3tesis de Sucesos de Riesgos de Desastres asociados a la cuenca del<\/p>\n\n\n\n<p>R\u00edo de las Minas y Reserva Nacional Magallanes y la programaci\u00f3n y Compromiso de actividades<br>para el a\u00f1o 2023.<br>Este programa de monitoreo es liderado por SERNAGEOMIN. Luna P\u00e9rez P., Ge\u00f3loga de la entidad,<br>es quien est\u00e1 a cargo del monitoreo del r\u00edo, explica que \u201choy d\u00eda hicimos una revisi\u00f3n del estado<br>del arte del monitoreo del r\u00edo, en qu\u00e9 estado est\u00e1 y las miras hacia el desarrollo de un pr\u00f3ximo<br>sistema de alerta y tambi\u00e9n conversamos sobre una evaluaci\u00f3n en el corto plazo acerca de<br>medidas de habilitaci\u00f3n de caminos para atender emergencias en caso de que ocurra una<br>remoci\u00f3n en masa que represe el r\u00edo, o de aluviones u otra situaci\u00f3n\u201d.<br>Estamos bien, estamos coordinados, hay mucha colaboraci\u00f3n de parte de todos los servicios<br>involucrados en la Mesa Cuenca y hay un plan de trabajo a corto plazo, para poder desarrollar una<br>estrategia que permita atender las emergencias. Agreg\u00f3 la ge\u00f3loga P\u00e9rez.<br>Asimismo, la Seremi de Agricultura, Irene Ram\u00edrez M\u00e9rida, relat\u00f3 que \u201ceste trabajo se viene<br>realizando desde hace varios a\u00f1os, considerando las emergencias y tambi\u00e9n los efectos que tuvo<br>el desborde del r\u00edo Las Minas y en base a eso se ha ido trabajando en el monitoreo de forma<br>mancomunada, en terreno y analizando los distintos pasos para poder mejorar el trabajo del<br>monitoreo mismo y tambi\u00e9n el sistema de alerta\u201d Lo que se hizo hoy, adem\u00e1s de revisar los<br>proyectos que han estado realiz\u00e1ndose en la cuenca, vimos los futuros proyectos y acciones del<br>2023, tanto por Sernageom\u00edn, la DOH y los distintos servicios que est\u00e1n apoyando el trabajo en<br>terreno.<br>Finalmente, la Delegada Presidencial Regional, enfatiz\u00f3 que \u201ctodas y todos los habitantes de la<br>ciudad pueden estar seguros de que hay un trabajo activo realiz\u00e1ndose en esta Mesa t\u00e9cnica, que<br>est\u00e1 atenta a todas las condiciones de riesgo que afectan al r\u00edo Las Minas y por lo tanto a la<br>poblaci\u00f3n de Punta Arenas\u201d.<br>La pr\u00f3xima sesi\u00f3n de Mesa Cuenca, tendr\u00e1 lugar en el mes de febrero<\/p>\n","protected":false},"excerpt":{"rendered":"<p>En la Delegaci\u00f3n Presidencial Regional serealiz\u00f3 sesi\u00f3n de la Mesa T\u00e9cnica Cuenca R\u00edo de las MinasMarzo de 1945, abril de 1956, mayo de 1990 y marzo del 2012, son las&#8230; <a class=\"read-more\" href=\"https:\/\/www.radiopresidenteibanez.cl\/web\/fortalecida-por-nuevos-integrantes-se-realizosesion-de-mesa-cuenca\/\">Leer m\u00e1s<\/a><\/p>\n","protected":false},"author":2,"featured_media":35684,"comment_status":"closed","ping_status":"closed","sticky":false,"template":"","format":"standard","meta":{"footnotes":""},"categories":[1],"tags":[],"class_list":["post-35683","post","type-post","status-publish","format-standard","has-post-thumbnail","hentry","category-cronica"],"_links":{"self":[{"href":"https:\/\/www.radiopresidenteibanez.cl\/web\/wp-json\/wp\/v2\/posts\/35683","targetHints":{"allow":["GET"]}}],"collection":[{"href":"https:\/\/www.radiopresidenteibanez.cl\/web\/wp-json\/wp\/v2\/posts"}],"about":[{"href":"https:\/\/www.radiopresidenteibanez.cl\/web\/wp-json\/wp\/v2\/types\/post"}],"author":[{"embeddable":true,"href":"https:\/\/www.radiopresidenteibanez.cl\/web\/wp-json\/wp\/v2\/users\/2"}],"replies":[{"embeddable":true,"href":"https:\/\/www.radiopresidenteibanez.cl\/web\/wp-json\/wp\/v2\/comments?post=35683"}],"version-history":[{"count":0,"href":"https:\/\/www.radiopresidenteibanez.cl\/web\/wp-json\/wp\/v2\/posts\/35683\/revisions"}],"wp:featuredmedia":[{"embeddable":true,"href":"https:\/\/www.radiopresidenteibanez.cl\/web\/wp-json\/wp\/v2\/media\/35684"}],"wp:attachment":[{"href":"https:\/\/www.radiopresidenteibanez.cl\/web\/wp-json\/wp\/v2\/media?parent=35683"}],"wp:term":[{"taxonomy":"category","embeddable":true,"href":"https:\/\/www.radiopresidenteibanez.cl\/web\/wp-json\/wp\/v2\/categories?post=35683"},{"taxonomy":"post_tag","embeddable":true,"href":"https:\/\/www.radiopresidenteibanez.cl\/web\/wp-json\/wp\/v2\/tags?post=35683"}],"curies":[{"name":"wp","href":"https:\/\/api.w.org\/{rel}","templated":true}]}}