{"id":35665,"date":"2022-12-16T16:32:00","date_gmt":"2022-12-16T19:32:00","guid":{"rendered":"https:\/\/www.radiopresidenteibanez.cl\/web\/?p=35665"},"modified":"2022-12-16T18:54:15","modified_gmt":"2022-12-16T21:54:15","slug":"cuenta-regresiva-para-el-retorno-de-los-conciertos-de-rockodromo-al-parque-alejo-barrios-de-valparaiso","status":"publish","type":"post","link":"https:\/\/www.radiopresidenteibanez.cl\/web\/cuenta-regresiva-para-el-retorno-de-los-conciertos-de-rockodromo-al-parque-alejo-barrios-de-valparaiso\/","title":{"rendered":"Cuenta regresiva para el retorno de los conciertos de Rock\u00f3dromo al Parque Alejo Barrios de Valpara\u00edso"},"content":{"rendered":"\n<p>Gato Alquinta, Payo Grondona, Carmen Corena, Winnipeg y Guagu\u00f3dromo. Esos son los cinco<br>escenarios que este 17 y 18 de diciembre traer\u00e1n de vuelta a uno de los cl\u00e1sicos musicales de<br>Valpara\u00edso: los esperados conciertos masivos de Rock\u00f3dromo en el Parque Alejo Barrios, con una<br>edici\u00f3n que regresa a la presencialidad y que por primera vez incluye a bandas y elencos<br>provenientes desde todas las regiones del pa\u00eds.<br>Este s\u00e1bado, desde las 15.00 horas, el festival organizado por el Ministerio de las Culturas, las<br>Artes y el Patrimonio, a trav\u00e9s de las Escuelas de Rock y M\u00fasica Popular, tendr\u00e1 a bandas y solistas<br>como Los Jaivas, Princesa Alba, Javiera Mena, Torturer, Banda Conmoci\u00f3n y Murga La Chusma<br>circulando por los distintos escenarios del recinto de Playa Ancha.<br>\u201cEstamos cerrando el a\u00f1o con esta verdadera fiesta musical en el Parque Alejo Barrios de<br>Valpara\u00edso, donde la comunidad podr\u00e1 disfrutar de presentaciones de primer nivel, para todos los<br>gustos y todas las edades. Sin duda, la puesta en marcha de esta edici\u00f3n de Rock\u00f3dromo, que<br>adem\u00e1s marca su regreso a la presencialidad, trae consigo la necesaria reactivaci\u00f3n del sector<br>cultural y la recuperaci\u00f3n de espacios p\u00fablicos, \u00e1mbitos en los que hemos estado trabajando<br>desde el primer d\u00eda de esta administraci\u00f3n\u201d, dice la ministra de las Culturas, Julieta Brodsky<br>Hern\u00e1ndez.<br>El domingo, tambi\u00e9n desde las 15.00 horas, ser\u00e1 el turno de Los Tres, Chancho en Piedra, Camila<br>Moreno, Macha &amp; Cabezas Rojas, Luis Alberto Mart\u00ednez, las leyendas del hip-hop Lalo Meneses,<br>Chino M\u00e1kina, Lenwa Dura y Zaturno, entre otros. Durante esta jornada, tambi\u00e9n ser\u00e1 el turno<br>para la representante de la regi\u00f3n de Magallanes, Mar\u00eda Zion. La cantautora y cultura del g\u00e9nero<br>urbano subir\u00e1 a uno de los escenarios para exhibir su trabajo y proyecto musical. Zion se adjudic\u00f3<br>un cupo en el certamen porte\u00f1o tras imponerse, en septiembre pasado, en el festival Ruido<br>Austral de Magallanes.<\/p>\n\n\n\n<p>La entrada es liberada. Los conciertos ser\u00e1n transmitidos a trav\u00e9s de<br>https:\/\/escuelasderock.cultura.gob.cl\/ y en el canal de YouTube de las Escuelas de Rock.<\/p>\n","protected":false},"excerpt":{"rendered":"<p>Gato Alquinta, Payo Grondona, Carmen Corena, Winnipeg y Guagu\u00f3dromo. Esos son los cincoescenarios que este 17 y 18 de diciembre traer\u00e1n de vuelta a uno de los cl\u00e1sicos musicales deValpara\u00edso:&#8230; <a class=\"read-more\" href=\"https:\/\/www.radiopresidenteibanez.cl\/web\/cuenta-regresiva-para-el-retorno-de-los-conciertos-de-rockodromo-al-parque-alejo-barrios-de-valparaiso\/\">Leer m\u00e1s<\/a><\/p>\n","protected":false},"author":2,"featured_media":35666,"comment_status":"closed","ping_status":"closed","sticky":false,"template":"","format":"standard","meta":{"footnotes":""},"categories":[1],"tags":[],"class_list":["post-35665","post","type-post","status-publish","format-standard","has-post-thumbnail","hentry","category-cronica"],"_links":{"self":[{"href":"https:\/\/www.radiopresidenteibanez.cl\/web\/wp-json\/wp\/v2\/posts\/35665","targetHints":{"allow":["GET"]}}],"collection":[{"href":"https:\/\/www.radiopresidenteibanez.cl\/web\/wp-json\/wp\/v2\/posts"}],"about":[{"href":"https:\/\/www.radiopresidenteibanez.cl\/web\/wp-json\/wp\/v2\/types\/post"}],"author":[{"embeddable":true,"href":"https:\/\/www.radiopresidenteibanez.cl\/web\/wp-json\/wp\/v2\/users\/2"}],"replies":[{"embeddable":true,"href":"https:\/\/www.radiopresidenteibanez.cl\/web\/wp-json\/wp\/v2\/comments?post=35665"}],"version-history":[{"count":0,"href":"https:\/\/www.radiopresidenteibanez.cl\/web\/wp-json\/wp\/v2\/posts\/35665\/revisions"}],"wp:featuredmedia":[{"embeddable":true,"href":"https:\/\/www.radiopresidenteibanez.cl\/web\/wp-json\/wp\/v2\/media\/35666"}],"wp:attachment":[{"href":"https:\/\/www.radiopresidenteibanez.cl\/web\/wp-json\/wp\/v2\/media?parent=35665"}],"wp:term":[{"taxonomy":"category","embeddable":true,"href":"https:\/\/www.radiopresidenteibanez.cl\/web\/wp-json\/wp\/v2\/categories?post=35665"},{"taxonomy":"post_tag","embeddable":true,"href":"https:\/\/www.radiopresidenteibanez.cl\/web\/wp-json\/wp\/v2\/tags?post=35665"}],"curies":[{"name":"wp","href":"https:\/\/api.w.org\/{rel}","templated":true}]}}