{"id":35662,"date":"2022-12-16T17:46:00","date_gmt":"2022-12-16T20:46:00","guid":{"rendered":"https:\/\/www.radiopresidenteibanez.cl\/web\/?p=35662"},"modified":"2022-12-16T18:50:34","modified_gmt":"2022-12-16T21:50:34","slug":"magallanes-dice-no-a-la-trata-de-personas","status":"publish","type":"post","link":"https:\/\/www.radiopresidenteibanez.cl\/web\/magallanes-dice-no-a-la-trata-de-personas\/","title":{"rendered":"MAGALLANES DICE NO A LA TRATA DE PERSONAS"},"content":{"rendered":"\n<p>En el \u00abD\u00eda Regional contra la Trata de Personas\u00bb, autoridades magall\u00e1nicas junto a varias<br>instituciones p\u00fablicas realizaron un volanteo informativo en el per\u00edmetro central de Punta Arenas,<br>sensibilizando a la ciudadan\u00eda sobre el delito de trata de personas. No pocas personas<br>reaccionaron con incredulidad, al pensar en una tem\u00e1tica que ser\u00eda ajena a Magallanes, y se<br>mostraron sorprendidas al saber de su presencia recurrente en los \u00faltimos a\u00f1os. &nbsp;&nbsp;<br>La actividad se desarroll\u00f3 en el per\u00edmetro aleda\u00f1o a la Plaza Mu\u00f1oz Gamero, enmarcada en el<br>trabajo que desarrolla la Mesa Regional Intersectorial de Trata de Personas de Magallanes (MITP).<br>Esta fue encabezada por la Seremi de Justicia y Derechos Humanos, Michelle Peutat, en conjunto<br>con sus similares de la Mujer y de la Equidad de G\u00e9nero, Alejandra Ruiz; de Salud, Francisca<br>Sanfuentes; del Trabajo y Previsi\u00f3n Social, Doris Sandoval; y de Educaci\u00f3n, Valent\u00edn Aguilera<br>G\u00f3mez; y cont\u00f3 con la entrega de d\u00edpticos referidos a este grave flagelo que vulnera los Derechos<br>Humanos, en especial de personas migrantes y en condici\u00f3n vulnerable.<br>Tambi\u00e9n particip\u00f3 de ella la Directora Regional de Migraciones, Vesna Mladinic, quien subray\u00f3 que<br>se trata de una problem\u00e1tica a escala mundial, instando a dejar a un lado la creencia de que es<br>solamente un asunto fronterizo o que solo afecta a mujeres y ni\u00f1as con fines de explotaci\u00f3n<br>sexual. \u201cLa trata de personas a menudo ocurre en las sombras y es dif\u00edcil de detectar, se calcula a<br>nivel mundial que por cada v\u00edctima de la trata de personas identificada existen 20 m\u00e1s sin<br>identificar\u201d, agreg\u00f3. De ah\u00ed la necesidad de sensibilizar y concientizar a la poblaci\u00f3n sobre este<br>grave delito, que da\u00f1a \u00edntegramente los DD.HH. de las personas, para lo cual en Magallanes se<br>conmemora el \u00abD\u00eda Regional contra la Trata de Personas\u00bb (15 de diciembre).<br>Ante el aumento, en especial de la migraci\u00f3n irregular, indic\u00f3 que desde el Servicio de Migraciones<br>realizan diferentes acciones para combatir la trata de personas, como talleres y capacitaciones a<br>funcionarios p\u00fablicos, y la entrega permanentemente de informaci\u00f3n migratoria en<br>investigaciones sobre esta tem\u00e1tica, en colaboraci\u00f3n con la Brigada contra la Trata de Personas de<br>la PDI y el Ministerio P\u00fablico.<br>Como voz autorizada en la materia, Lorena Pereira, abogada asesora de la Unidad de Asesor\u00eda<br>Jur\u00eddica (UAJ) de la Fiscal\u00eda Regional, se\u00f1al\u00f3 que la trata de personas representa un fen\u00f3meno<br>inquietante&nbsp;en Magallanes, como regi\u00f3n extrema y de cierta insularidad en conectividad con el<\/p>\n\n\n\n<p>resto&nbsp;del pa\u00eds. Refiri\u00f3 que desde abril de 2011, en que empez\u00f3 a regir la legislaci\u00f3n en Chile, a nivel<br>regional se han abierto 14 investigaciones por el delito de trata \u2013algunas con m\u00e1s de una v\u00edctima-<br>y con fallos judiciales emblem\u00e1ticos al t\u00e9rmino de largas investigaciones. La calificaci\u00f3n jur\u00eddica<br>invocada en estos casos ha sido la de trabajos forzados y con fines de prostituci\u00f3n.<br>Como delitos transnacionales se\u00f1ala que la Fiscal\u00eda trabaja mancomunadamente con Argentina y<br>desde ambos pa\u00edses han cursado denuncias internacionales y mantienen dicha coordinaci\u00f3n y<br>comunicaci\u00f3n entre estados. A\u00f1adi\u00f3 como aspecto relevante la labor ininterrumpida que ha<br>mantenido la Mesa de Trata de Personas, independiente de los gobiernos que han pasado,<br>alz\u00e1ndose como referente nacional al mancomunar esfuerzos para lograr un objetivo.<br>&nbsp;<br>La Seremi de Justicia y DD.HH., Michelle Peutat, destac\u00f3 el compromiso de quienes conforman la<br>Mesa de Trata de Personas, en este mes de los Derechos Humanos, para coordinar una acci\u00f3n de<br>promoci\u00f3n a la comunidad, que permita reconocer e identificar este delito \u2013hoy invisibilizado-, \u201cy<br>saber cu\u00e1les son los canales de denuncia, caracter\u00edsticas y requisitos; como delito en el que no<br>basta con que las polic\u00edas, Fiscal\u00eda y servicios p\u00fablicos cumplan su rol, sino que es fundamental que<br>la ciudadan\u00eda nos pueda alertar sobre la comisi\u00f3n de estos delitos, por lo cual debe contar con la<br>informaci\u00f3n\u201d.<br>En esta jornada, que cont\u00f3 con campa\u00f1a informativa en terreno en las cuatro provincias de la<br>regi\u00f3n, sus organizadoras dejaron tambi\u00e9n entrever que la trata de personas no solamente afecta<br>a mujeres, pues se ha visto un reciente aumento de v\u00edctimas hombres con fines de trabajo forzoso.<br>Inclusive tambi\u00e9n se ven afectadas personas chilenas, que suelen ser desarraigadas de su lugar de<br>origen y ven coaccionada su libertad ambulatoria, como ocurri\u00f3 en 2016 con el caso de tres<br>mujeres.<\/p>\n","protected":false},"excerpt":{"rendered":"<p>En el \u00abD\u00eda Regional contra la Trata de Personas\u00bb, autoridades magall\u00e1nicas junto a variasinstituciones p\u00fablicas realizaron un volanteo informativo en el per\u00edmetro central de Punta Arenas,sensibilizando a la ciudadan\u00eda sobre&#8230; <a class=\"read-more\" href=\"https:\/\/www.radiopresidenteibanez.cl\/web\/magallanes-dice-no-a-la-trata-de-personas\/\">Leer m\u00e1s<\/a><\/p>\n","protected":false},"author":2,"featured_media":35663,"comment_status":"closed","ping_status":"closed","sticky":false,"template":"","format":"standard","meta":{"footnotes":""},"categories":[1],"tags":[],"class_list":["post-35662","post","type-post","status-publish","format-standard","has-post-thumbnail","hentry","category-cronica"],"_links":{"self":[{"href":"https:\/\/www.radiopresidenteibanez.cl\/web\/wp-json\/wp\/v2\/posts\/35662","targetHints":{"allow":["GET"]}}],"collection":[{"href":"https:\/\/www.radiopresidenteibanez.cl\/web\/wp-json\/wp\/v2\/posts"}],"about":[{"href":"https:\/\/www.radiopresidenteibanez.cl\/web\/wp-json\/wp\/v2\/types\/post"}],"author":[{"embeddable":true,"href":"https:\/\/www.radiopresidenteibanez.cl\/web\/wp-json\/wp\/v2\/users\/2"}],"replies":[{"embeddable":true,"href":"https:\/\/www.radiopresidenteibanez.cl\/web\/wp-json\/wp\/v2\/comments?post=35662"}],"version-history":[{"count":0,"href":"https:\/\/www.radiopresidenteibanez.cl\/web\/wp-json\/wp\/v2\/posts\/35662\/revisions"}],"wp:featuredmedia":[{"embeddable":true,"href":"https:\/\/www.radiopresidenteibanez.cl\/web\/wp-json\/wp\/v2\/media\/35663"}],"wp:attachment":[{"href":"https:\/\/www.radiopresidenteibanez.cl\/web\/wp-json\/wp\/v2\/media?parent=35662"}],"wp:term":[{"taxonomy":"category","embeddable":true,"href":"https:\/\/www.radiopresidenteibanez.cl\/web\/wp-json\/wp\/v2\/categories?post=35662"},{"taxonomy":"post_tag","embeddable":true,"href":"https:\/\/www.radiopresidenteibanez.cl\/web\/wp-json\/wp\/v2\/tags?post=35662"}],"curies":[{"name":"wp","href":"https:\/\/api.w.org\/{rel}","templated":true}]}}