{"id":3565,"date":"2019-04-21T20:38:56","date_gmt":"2019-04-21T20:38:56","guid":{"rendered":"http:\/\/www.radiopresidenteibanez.cl\/web\/?p=3565"},"modified":"2019-04-21T20:39:05","modified_gmt":"2019-04-21T20:39:05","slug":"como-ya-ha-sido-una-tradicion-el-conejito-de-pascua-paso-por-porvenir","status":"publish","type":"post","link":"https:\/\/www.radiopresidenteibanez.cl\/web\/como-ya-ha-sido-una-tradicion-el-conejito-de-pascua-paso-por-porvenir\/","title":{"rendered":"COMO YA HA SIDO UNA TRADICI\u00d3N EL CONEJITO DE PASCUA PAS\u00d3 POR PORVENIR"},"content":{"rendered":"\n<p>Cada a\u00f1o en esta fecha, se\nha hecho tradicional por parte de la municipalidad de Porvenir, realizar esta\nactividad porque entrega alegr\u00eda a los m\u00e1s peque\u00f1os de la comuna.<\/p>\n\n\n\n<p>El d\u00eda jueves, la alcaldesa\nde Porvenir, Marisol Andrade C\u00e1rdenas, encabez\u00f3 la visita realizada por el\nconejito de pascua a los establecimientos educacionales de la capital fueguina.<\/p>\n\n\n\n<p>La actividad, organizada\npor el Municipio, llev\u00f3 alegr\u00eda a los jardines infantiles, Papelucho, Arco\nIris, Centro de Rehabilitaci\u00f3n Cruz del Sur y Escuela Bernardo O\u2019Higgins,\nlugares donde ni\u00f1os y ni\u00f1as recibieron sus huevitos de chocolate.<\/p>\n\n\n\n<p>La entrega de los huevitos\nde chocolate estuvo acompa\u00f1ada de un entretenido conejo que provoco risas y\nmucha alegr\u00eda a cientos de peque\u00f1os, que sin lugar a dudas fueron los m\u00e1s\nfelices, ellos jugaron, cantaron y participaron en las din\u00e1micas para\nfinalmente recibir sus bolsitas con huevitos de chocolate.<\/p>\n\n\n\n<p>En esta fecha especial, la\nmunicipalidad busca unir a las familias para compartir y reflexionar en torno a\nla celebraci\u00f3n de la fiesta de pascua de resurrecci\u00f3n. Los s\u00edmbolos de esta\nconmemoraci\u00f3n popular radican en el conejo y los huevos de pascua, los cuales\nrepresentan la fertilidad e inicio de una nueva vida. Es por esta raz\u00f3n que el\nmunicipio comparte con toda la comunidad entregando m\u00e1s de 600 huevitos a los\nni\u00f1os de nuestra comuna.<\/p>\n\n\n\n<p>La autoridad edilicia, se\u00f1al\u00f3 que \u201cc\u00f3mo lo hemos hecho en los \u00faltimos a\u00f1os la idea es ir a los jardines infantiles, a la escuela b\u00e1sica municipal y a las agrupaciones folcl\u00f3ricas donde hay ni\u00f1os, para llevar alegr\u00eda con la visita del conejo con los huevitos de pascua\u201d. Agreg\u00f3 la jefa comunal, que \u201cesta actividad tiene como sentido entregar alegr\u00eda a los m\u00e1s peque\u00f1os, por que ver la inocencia y ver la felicidad de ellos cuando llega el conejito y reciben sus chocolates nos pone muy felices por que ese es el objetivo de este municipio\u201d.<\/p>\n\n\n\n<ul class=\"wp-block-gallery columns-2 is-cropped wp-block-gallery-1 is-layout-flex wp-block-gallery-is-layout-flex\"><li class=\"blocks-gallery-item\"><figure><img loading=\"lazy\" decoding=\"async\" width=\"900\" height=\"562\" src=\"https:\/\/www.radiopresidenteibanez.cl\/web\/wp-content\/uploads\/2019\/04\/Entrega-de-Huevitos-1.jpg\" alt=\"\" data-id=\"3566\" data-link=\"https:\/\/www.radiopresidenteibanez.cl\/web\/?attachment_id=3566\" class=\"wp-image-3566\" srcset=\"https:\/\/www.radiopresidenteibanez.cl\/web\/wp-content\/uploads\/2019\/04\/Entrega-de-Huevitos-1.jpg 900w, https:\/\/www.radiopresidenteibanez.cl\/web\/wp-content\/uploads\/2019\/04\/Entrega-de-Huevitos-1-300x187.jpg 300w, https:\/\/www.radiopresidenteibanez.cl\/web\/wp-content\/uploads\/2019\/04\/Entrega-de-Huevitos-1-768x480.jpg 768w\" sizes=\"auto, (max-width: 900px) 100vw, 900px\" \/><\/figure><\/li><li class=\"blocks-gallery-item\"><figure><img loading=\"lazy\" decoding=\"async\" width=\"900\" height=\"562\" src=\"https:\/\/www.radiopresidenteibanez.cl\/web\/wp-content\/uploads\/2019\/04\/Entrega-de-Huevitos-4.jpg\" alt=\"\" data-id=\"3567\" data-link=\"https:\/\/www.radiopresidenteibanez.cl\/web\/?attachment_id=3567\" class=\"wp-image-3567\" srcset=\"https:\/\/www.radiopresidenteibanez.cl\/web\/wp-content\/uploads\/2019\/04\/Entrega-de-Huevitos-4.jpg 900w, https:\/\/www.radiopresidenteibanez.cl\/web\/wp-content\/uploads\/2019\/04\/Entrega-de-Huevitos-4-300x187.jpg 300w, https:\/\/www.radiopresidenteibanez.cl\/web\/wp-content\/uploads\/2019\/04\/Entrega-de-Huevitos-4-768x480.jpg 768w\" sizes=\"auto, (max-width: 900px) 100vw, 900px\" \/><\/figure><\/li><\/ul>\n","protected":false},"excerpt":{"rendered":"<p>Cada a\u00f1o en esta fecha, se ha hecho tradicional por parte de la municipalidad de Porvenir, realizar esta actividad porque entrega alegr\u00eda a los m\u00e1s peque\u00f1os de la comuna. El&#8230; <a class=\"read-more\" href=\"https:\/\/www.radiopresidenteibanez.cl\/web\/como-ya-ha-sido-una-tradicion-el-conejito-de-pascua-paso-por-porvenir\/\">Leer m\u00e1s<\/a><\/p>\n","protected":false},"author":2,"featured_media":3566,"comment_status":"closed","ping_status":"closed","sticky":false,"template":"","format":"standard","meta":{"footnotes":""},"categories":[1],"tags":[],"class_list":["post-3565","post","type-post","status-publish","format-standard","has-post-thumbnail","hentry","category-cronica"],"_links":{"self":[{"href":"https:\/\/www.radiopresidenteibanez.cl\/web\/wp-json\/wp\/v2\/posts\/3565","targetHints":{"allow":["GET"]}}],"collection":[{"href":"https:\/\/www.radiopresidenteibanez.cl\/web\/wp-json\/wp\/v2\/posts"}],"about":[{"href":"https:\/\/www.radiopresidenteibanez.cl\/web\/wp-json\/wp\/v2\/types\/post"}],"author":[{"embeddable":true,"href":"https:\/\/www.radiopresidenteibanez.cl\/web\/wp-json\/wp\/v2\/users\/2"}],"replies":[{"embeddable":true,"href":"https:\/\/www.radiopresidenteibanez.cl\/web\/wp-json\/wp\/v2\/comments?post=3565"}],"version-history":[{"count":0,"href":"https:\/\/www.radiopresidenteibanez.cl\/web\/wp-json\/wp\/v2\/posts\/3565\/revisions"}],"wp:featuredmedia":[{"embeddable":true,"href":"https:\/\/www.radiopresidenteibanez.cl\/web\/wp-json\/wp\/v2\/media\/3566"}],"wp:attachment":[{"href":"https:\/\/www.radiopresidenteibanez.cl\/web\/wp-json\/wp\/v2\/media?parent=3565"}],"wp:term":[{"taxonomy":"category","embeddable":true,"href":"https:\/\/www.radiopresidenteibanez.cl\/web\/wp-json\/wp\/v2\/categories?post=3565"},{"taxonomy":"post_tag","embeddable":true,"href":"https:\/\/www.radiopresidenteibanez.cl\/web\/wp-json\/wp\/v2\/tags?post=3565"}],"curies":[{"name":"wp","href":"https:\/\/api.w.org\/{rel}","templated":true}]}}