{"id":35647,"date":"2022-12-16T10:27:00","date_gmt":"2022-12-16T13:27:00","guid":{"rendered":"https:\/\/www.radiopresidenteibanez.cl\/web\/?p=35647"},"modified":"2022-12-16T08:42:38","modified_gmt":"2022-12-16T11:42:38","slug":"presidenta-de-la-corte-de-apelaciones-de-punta-arenas-recibio-visita-protocolar-del-defensor-nacional","status":"publish","type":"post","link":"https:\/\/www.radiopresidenteibanez.cl\/web\/presidenta-de-la-corte-de-apelaciones-de-punta-arenas-recibio-visita-protocolar-del-defensor-nacional\/","title":{"rendered":"PRESIDENTA DE LA CORTE DE APELACIONES DE PUNTA ARENAS RECIBIO VISITA PROTOCOLAR DEL DEFENSOR NACIONAL"},"content":{"rendered":"\n<p>La presidenta de la Corte de Apelaciones de Punta Arenas, Mar\u00eda Isabel San Mart\u00edn, recibi\u00f3 la visita protocolar del defensor nacional, Carlos Mora Jano, encuentro en el que tambi\u00e9n particip\u00f3 la defensora regional, Gustava Aguilar.<\/p>\n\n\n\n<p>En la reuni\u00f3n se abordaron diversas materias de inter\u00e9s com\u00fan, en especial referidas al quehacer del sistema judicial penal en la jurisdicci\u00f3n.<\/p>\n\n\n\n<p>\u201cConversamos sobre las excelentes relaciones que tenemos actualmente con la Corte de Apelaciones, tanto con la Defensor\u00eda, el Ministerio P\u00fablico, y el Poder Judicial, y eso ha llevado a lograr los objetivos propios del sistema penal en esta Regi\u00f3n de Magallanes\u201d, dijo el defensor nacional al finalizar la reuni\u00f3n protocolar con la presidenta San Mart\u00edn.<\/p>\n","protected":false},"excerpt":{"rendered":"<p>La presidenta de la Corte de Apelaciones de Punta Arenas, Mar\u00eda Isabel San Mart\u00edn, recibi\u00f3 la visita protocolar del defensor nacional, Carlos Mora Jano, encuentro en el que tambi\u00e9n particip\u00f3&#8230; <a class=\"read-more\" href=\"https:\/\/www.radiopresidenteibanez.cl\/web\/presidenta-de-la-corte-de-apelaciones-de-punta-arenas-recibio-visita-protocolar-del-defensor-nacional\/\">Leer m\u00e1s<\/a><\/p>\n","protected":false},"author":2,"featured_media":35648,"comment_status":"closed","ping_status":"closed","sticky":false,"template":"","format":"standard","meta":{"footnotes":""},"categories":[1],"tags":[],"class_list":["post-35647","post","type-post","status-publish","format-standard","has-post-thumbnail","hentry","category-cronica"],"_links":{"self":[{"href":"https:\/\/www.radiopresidenteibanez.cl\/web\/wp-json\/wp\/v2\/posts\/35647","targetHints":{"allow":["GET"]}}],"collection":[{"href":"https:\/\/www.radiopresidenteibanez.cl\/web\/wp-json\/wp\/v2\/posts"}],"about":[{"href":"https:\/\/www.radiopresidenteibanez.cl\/web\/wp-json\/wp\/v2\/types\/post"}],"author":[{"embeddable":true,"href":"https:\/\/www.radiopresidenteibanez.cl\/web\/wp-json\/wp\/v2\/users\/2"}],"replies":[{"embeddable":true,"href":"https:\/\/www.radiopresidenteibanez.cl\/web\/wp-json\/wp\/v2\/comments?post=35647"}],"version-history":[{"count":0,"href":"https:\/\/www.radiopresidenteibanez.cl\/web\/wp-json\/wp\/v2\/posts\/35647\/revisions"}],"wp:featuredmedia":[{"embeddable":true,"href":"https:\/\/www.radiopresidenteibanez.cl\/web\/wp-json\/wp\/v2\/media\/35648"}],"wp:attachment":[{"href":"https:\/\/www.radiopresidenteibanez.cl\/web\/wp-json\/wp\/v2\/media?parent=35647"}],"wp:term":[{"taxonomy":"category","embeddable":true,"href":"https:\/\/www.radiopresidenteibanez.cl\/web\/wp-json\/wp\/v2\/categories?post=35647"},{"taxonomy":"post_tag","embeddable":true,"href":"https:\/\/www.radiopresidenteibanez.cl\/web\/wp-json\/wp\/v2\/tags?post=35647"}],"curies":[{"name":"wp","href":"https:\/\/api.w.org\/{rel}","templated":true}]}}