{"id":35641,"date":"2022-12-16T08:24:00","date_gmt":"2022-12-16T11:24:00","guid":{"rendered":"https:\/\/www.radiopresidenteibanez.cl\/web\/?p=35641"},"modified":"2022-12-16T08:15:27","modified_gmt":"2022-12-16T11:15:27","slug":"consejo-regional-aprobo-plan-regulador-de-la-comuna-de-primavera","status":"publish","type":"post","link":"https:\/\/www.radiopresidenteibanez.cl\/web\/consejo-regional-aprobo-plan-regulador-de-la-comuna-de-primavera\/","title":{"rendered":"CONSEJO REGIONAL APROBO PLAN REGULADOR DE LA COMUNA DE PRIMAVERA"},"content":{"rendered":"\n<p>Despu\u00e9s de su validaci\u00f3n t\u00e9cnica por la Divisi\u00f3n de Planificaci\u00f3n del Gobierno Regional y el<br>Serviu, en la \u00faltima sesi\u00f3n plenaria del Consejo Regional de Magallanes se aprob\u00f3 por mayor\u00eda<br>de los consejeros regionales el expediente presentado por la Municipalidad de Primavera de su<br>Plan Regulador.<br>Para el consejero por Tierra del Fuego, Rodolfo C\u00e1rdenas, implica un gran avance el poder<br>contar con dicho instrumento de planificaci\u00f3n territorial, destacando que \u00abel desarrollo de la<br>Comuna de Primavera, y todo el sector norte de la isla (Tierra del Fuego) tiene que ir de la<br>mano de instrumentos tan valiosos como el Plan Regulador, y avanzar en su aprobaci\u00f3n es un<br>reconocimiento al trabajo del alcalde Blagomir Brztilo y su equipo t\u00e9cnico, ya que significa<br>volver a potenciar focos de desarrollo urbano y habitacional. Esperamos sea un aliciente para<br>avanzar en el proyecto de las 60 viviendas para Cerro Sombrero\u201d.<br>Con la aprobaci\u00f3n del Core, el Plan Regulador debe avanzar en la gesti\u00f3n y aprobaci\u00f3n final de<br>la Contralor\u00eda para que comience su ejecuci\u00f3n plena por el organismo municipal. Primavera es<br>la primera comuna de Tierra del Fuego que logra avanzar de forma significativa en esta<br>materia, ya que Porvenir y Timaukel, se encuentran todav\u00eda en fases de formulaci\u00f3n previa.<\/p>\n","protected":false},"excerpt":{"rendered":"<p>Despu\u00e9s de su validaci\u00f3n t\u00e9cnica por la Divisi\u00f3n de Planificaci\u00f3n del Gobierno Regional y elServiu, en la \u00faltima sesi\u00f3n plenaria del Consejo Regional de Magallanes se aprob\u00f3 por mayor\u00edade los&#8230; <a class=\"read-more\" href=\"https:\/\/www.radiopresidenteibanez.cl\/web\/consejo-regional-aprobo-plan-regulador-de-la-comuna-de-primavera\/\">Leer m\u00e1s<\/a><\/p>\n","protected":false},"author":2,"featured_media":35642,"comment_status":"closed","ping_status":"closed","sticky":false,"template":"","format":"standard","meta":{"footnotes":""},"categories":[1],"tags":[],"class_list":["post-35641","post","type-post","status-publish","format-standard","has-post-thumbnail","hentry","category-cronica"],"_links":{"self":[{"href":"https:\/\/www.radiopresidenteibanez.cl\/web\/wp-json\/wp\/v2\/posts\/35641","targetHints":{"allow":["GET"]}}],"collection":[{"href":"https:\/\/www.radiopresidenteibanez.cl\/web\/wp-json\/wp\/v2\/posts"}],"about":[{"href":"https:\/\/www.radiopresidenteibanez.cl\/web\/wp-json\/wp\/v2\/types\/post"}],"author":[{"embeddable":true,"href":"https:\/\/www.radiopresidenteibanez.cl\/web\/wp-json\/wp\/v2\/users\/2"}],"replies":[{"embeddable":true,"href":"https:\/\/www.radiopresidenteibanez.cl\/web\/wp-json\/wp\/v2\/comments?post=35641"}],"version-history":[{"count":0,"href":"https:\/\/www.radiopresidenteibanez.cl\/web\/wp-json\/wp\/v2\/posts\/35641\/revisions"}],"wp:featuredmedia":[{"embeddable":true,"href":"https:\/\/www.radiopresidenteibanez.cl\/web\/wp-json\/wp\/v2\/media\/35642"}],"wp:attachment":[{"href":"https:\/\/www.radiopresidenteibanez.cl\/web\/wp-json\/wp\/v2\/media?parent=35641"}],"wp:term":[{"taxonomy":"category","embeddable":true,"href":"https:\/\/www.radiopresidenteibanez.cl\/web\/wp-json\/wp\/v2\/categories?post=35641"},{"taxonomy":"post_tag","embeddable":true,"href":"https:\/\/www.radiopresidenteibanez.cl\/web\/wp-json\/wp\/v2\/tags?post=35641"}],"curies":[{"name":"wp","href":"https:\/\/api.w.org\/{rel}","templated":true}]}}