{"id":35635,"date":"2022-12-15T18:25:00","date_gmt":"2022-12-15T21:25:00","guid":{"rendered":"https:\/\/www.radiopresidenteibanez.cl\/web\/?p=35635"},"modified":"2022-12-15T12:13:08","modified_gmt":"2022-12-15T15:13:08","slug":"alumnos-del-liceo-maria-behety-se-certificaron-en-curso-de-inocuidad-alimentaria","status":"publish","type":"post","link":"https:\/\/www.radiopresidenteibanez.cl\/web\/alumnos-del-liceo-maria-behety-se-certificaron-en-curso-de-inocuidad-alimentaria\/","title":{"rendered":"Alumnos del Liceo Mar\u00eda Behety se certificaron en curso de inocuidad alimentaria"},"content":{"rendered":"\n<p>Por cuarto a\u00f1o consecutivo, 20<br>estudiantes de las especialidades de acuicultura y gastronom\u00eda del Liceo Mar\u00eda Behety<br>realizaron una capacitaci\u00f3n sobre el sistema de inocuidad alimentaria, financiada por<br>Salmones Blumar Magallanes.<br>Durante el curso, los participantes conocieron la importancia de las condiciones<br>higi\u00e9nicas y sanitarias de la producci\u00f3n alimentaria a lo largo de la cadena productiva,<br>englobando contenidos relacionados con las Buenas Pr\u00e1cticas de Manufacturas (BMP),<br>Procedimientos Operacionales Estandarizados de Sanitizaci\u00f3n (POES) y An\u00e1lisis de Peligros<br>y Puntos Cr\u00edticos de Control (HACCP), t\u00e9cnicas obligatorias para desempe\u00f1arse en plantas<br>que procesan y manipulan alimentos.<br>\u201cPara m\u00ed fue algo nuevo y que agradezco. Te ense\u00f1an muchas cosas sobre la<br>inocuidad de la comida, dejar que los alimentos est\u00e9n libres de bacterias, para evitar<br>enfermedades\u201d, destac\u00f3 el alumno de la especialidad de gastronom\u00eda, Ignacio Z\u00fa\u00f1iga.<br>Por su parte, la jefa de UTP del Liceo Mar\u00eda Behety, Nora Del Estal, indic\u00f3 que \u201cla<br>alianza que se tiene con Blumar es espectacular, nos ha dado muchas satisfacciones con<br>los estudiantes y hemos logrado que los j\u00f3venes entiendan que se pueden seguir<br>perfeccionando y profesionalizando\u201d.<br>Asimismo, la jefa de administraci\u00f3n y personas de Salmones Blumar Magallanes,<br>Claudia Bello, recalc\u00f3 que \u201cestas capacitaciones nos permiten vincularnos con los alumnos<br>de la comunidad. Queremos que tengan herramientas para construir junto a nosotros la<br>salmonicultura magall\u00e1nica del futuro, y que la regi\u00f3n sea l\u00edder en la generaci\u00f3n de una<br>acuicultura saludable y sostenible\u201d.<br>La capacitaci\u00f3n fue dictada por la ingeniera en alimentos y docente de la<br>Universidad de Playa Ancha y del Instituto Mar\u00edtimo de Valpara\u00edso, Nelda Rodr\u00edguez, quien<br>afirm\u00f3 que \u201cme pone muy contenta, porque yo s\u00e9 qu\u00e9 es lo que se necesita, o sea una<br>retroalimentaci\u00f3n mutua, en la cual la empresa ofrece cursos a los chicos, que en forma<\/p>\n\n\n\n<p>particular ser\u00eda imposible que lo pudieran lograr, y a su vez la empresa tiene profesionales<br>ya capacitados\u201d.<br>Durante 2023, Salmones Blumar Magallanes continuar\u00e1 el convenio con el Liceo<br>Mar\u00eda Behety, con el objetivo de fortalecer los conocimientos de los estudiantes y formar<br>personas especializadas en la salmonicultura en Magallanes.<\/p>\n","protected":false},"excerpt":{"rendered":"<p>Por cuarto a\u00f1o consecutivo, 20estudiantes de las especialidades de acuicultura y gastronom\u00eda del Liceo Mar\u00eda Behetyrealizaron una capacitaci\u00f3n sobre el sistema de inocuidad alimentaria, financiada porSalmones Blumar Magallanes.Durante el curso,&#8230; <a class=\"read-more\" href=\"https:\/\/www.radiopresidenteibanez.cl\/web\/alumnos-del-liceo-maria-behety-se-certificaron-en-curso-de-inocuidad-alimentaria\/\">Leer m\u00e1s<\/a><\/p>\n","protected":false},"author":2,"featured_media":35636,"comment_status":"closed","ping_status":"closed","sticky":false,"template":"","format":"standard","meta":{"footnotes":""},"categories":[1],"tags":[],"class_list":["post-35635","post","type-post","status-publish","format-standard","has-post-thumbnail","hentry","category-cronica"],"_links":{"self":[{"href":"https:\/\/www.radiopresidenteibanez.cl\/web\/wp-json\/wp\/v2\/posts\/35635","targetHints":{"allow":["GET"]}}],"collection":[{"href":"https:\/\/www.radiopresidenteibanez.cl\/web\/wp-json\/wp\/v2\/posts"}],"about":[{"href":"https:\/\/www.radiopresidenteibanez.cl\/web\/wp-json\/wp\/v2\/types\/post"}],"author":[{"embeddable":true,"href":"https:\/\/www.radiopresidenteibanez.cl\/web\/wp-json\/wp\/v2\/users\/2"}],"replies":[{"embeddable":true,"href":"https:\/\/www.radiopresidenteibanez.cl\/web\/wp-json\/wp\/v2\/comments?post=35635"}],"version-history":[{"count":0,"href":"https:\/\/www.radiopresidenteibanez.cl\/web\/wp-json\/wp\/v2\/posts\/35635\/revisions"}],"wp:featuredmedia":[{"embeddable":true,"href":"https:\/\/www.radiopresidenteibanez.cl\/web\/wp-json\/wp\/v2\/media\/35636"}],"wp:attachment":[{"href":"https:\/\/www.radiopresidenteibanez.cl\/web\/wp-json\/wp\/v2\/media?parent=35635"}],"wp:term":[{"taxonomy":"category","embeddable":true,"href":"https:\/\/www.radiopresidenteibanez.cl\/web\/wp-json\/wp\/v2\/categories?post=35635"},{"taxonomy":"post_tag","embeddable":true,"href":"https:\/\/www.radiopresidenteibanez.cl\/web\/wp-json\/wp\/v2\/tags?post=35635"}],"curies":[{"name":"wp","href":"https:\/\/api.w.org\/{rel}","templated":true}]}}