{"id":3563,"date":"2019-04-21T20:19:58","date_gmt":"2019-04-21T20:19:58","guid":{"rendered":"http:\/\/www.radiopresidenteibanez.cl\/web\/?p=3563"},"modified":"2019-04-21T20:20:38","modified_gmt":"2019-04-21T20:20:38","slug":"15-mil-clientes-fueron-afectado-con-corte-de-suministro-electrico-en-punta-arenas","status":"publish","type":"post","link":"https:\/\/www.radiopresidenteibanez.cl\/web\/15-mil-clientes-fueron-afectado-con-corte-de-suministro-electrico-en-punta-arenas\/","title":{"rendered":"15 MIL CLIENTES FUERON AFECTADO CON CORTE DE SUMINISTRO EL\u00c9CTRICO EN PUNTA ARENAS"},"content":{"rendered":"\n<p>En relaci\u00f3n a la interrupci\u00f3n de suministro de energ\u00eda el\u00e9ctrica que afect\u00f3 a distintos sectores de la ciudad de Punta Arenas, la Empresa El\u00e9ctrica de Magallanes S.A. informa lo siguiente:<\/p>\n\n\n\n<ul class=\"wp-block-list\"><li>Alrededor de las 13:00 horas de hoy, y producto de la activaci\u00f3n de las protecciones de emergencia, se detuvo de forma repentina una de las unidades generadoras emplazadas en la Central de Tres Puentes, lo que provoc\u00f3 la interrupci\u00f3n parcial del suministro el\u00e9ctrico en Punta Arenas, afectando a 15.200&nbsp;clientes aproximadamente.<\/li><\/ul>\n\n\n\n<ul class=\"wp-block-list\"><li>Inmediatamente personal t\u00e9cnico de EDELMAG, inici\u00f3 las maniobras destinadas a poner en marcha una de sus unidades de respaldo, con el objetivo de normalizar el servicio, el que qued\u00f3 completamente repuesto a las 13:16 horas.<\/li><\/ul>\n\n\n\n<ul class=\"wp-block-list\"><li>En las pr\u00f3ximas horas se realizar\u00e1 la revisi\u00f3n y evaluaci\u00f3n del equipo, para identificar las causas provocaron la emergencia.&nbsp;<\/li><\/ul>\n\n\n\n<ul class=\"wp-block-list\"><li>Se reitera que se encuentra disponible el Fono Clientes 600 6200 100 y la cuenta twitter @edelmag_sos, para consultas. Para una atenci\u00f3n m\u00e1s expedita, es importante que tengan a mano su n\u00famero de cliente que se encuentra impreso en la parte superior de la boleta.<\/li><\/ul>\n\n\n\n<figure class=\"wp-block-image\"><img loading=\"lazy\" decoding=\"async\" width=\"900\" height=\"675\" src=\"http:\/\/www.radiopresidenteibanez.cl\/web\/wp-content\/uploads\/2019\/01\/EDELMAG7.jpg\" alt=\"\" class=\"wp-image-714\" srcset=\"https:\/\/www.radiopresidenteibanez.cl\/web\/wp-content\/uploads\/2019\/01\/EDELMAG7.jpg 900w, https:\/\/www.radiopresidenteibanez.cl\/web\/wp-content\/uploads\/2019\/01\/EDELMAG7-300x225.jpg 300w, https:\/\/www.radiopresidenteibanez.cl\/web\/wp-content\/uploads\/2019\/01\/EDELMAG7-768x576.jpg 768w\" sizes=\"auto, (max-width: 900px) 100vw, 900px\" \/><\/figure>\n","protected":false},"excerpt":{"rendered":"<p>En relaci\u00f3n a la interrupci\u00f3n de suministro de energ\u00eda el\u00e9ctrica que afect\u00f3 a distintos sectores de la ciudad de Punta Arenas, la Empresa El\u00e9ctrica de Magallanes S.A. informa lo siguiente:&#8230; <a class=\"read-more\" href=\"https:\/\/www.radiopresidenteibanez.cl\/web\/15-mil-clientes-fueron-afectado-con-corte-de-suministro-electrico-en-punta-arenas\/\">Leer m\u00e1s<\/a><\/p>\n","protected":false},"author":2,"featured_media":714,"comment_status":"closed","ping_status":"closed","sticky":false,"template":"","format":"standard","meta":{"footnotes":""},"categories":[1],"tags":[],"class_list":["post-3563","post","type-post","status-publish","format-standard","has-post-thumbnail","hentry","category-cronica"],"_links":{"self":[{"href":"https:\/\/www.radiopresidenteibanez.cl\/web\/wp-json\/wp\/v2\/posts\/3563","targetHints":{"allow":["GET"]}}],"collection":[{"href":"https:\/\/www.radiopresidenteibanez.cl\/web\/wp-json\/wp\/v2\/posts"}],"about":[{"href":"https:\/\/www.radiopresidenteibanez.cl\/web\/wp-json\/wp\/v2\/types\/post"}],"author":[{"embeddable":true,"href":"https:\/\/www.radiopresidenteibanez.cl\/web\/wp-json\/wp\/v2\/users\/2"}],"replies":[{"embeddable":true,"href":"https:\/\/www.radiopresidenteibanez.cl\/web\/wp-json\/wp\/v2\/comments?post=3563"}],"version-history":[{"count":0,"href":"https:\/\/www.radiopresidenteibanez.cl\/web\/wp-json\/wp\/v2\/posts\/3563\/revisions"}],"wp:featuredmedia":[{"embeddable":true,"href":"https:\/\/www.radiopresidenteibanez.cl\/web\/wp-json\/wp\/v2\/media\/714"}],"wp:attachment":[{"href":"https:\/\/www.radiopresidenteibanez.cl\/web\/wp-json\/wp\/v2\/media?parent=3563"}],"wp:term":[{"taxonomy":"category","embeddable":true,"href":"https:\/\/www.radiopresidenteibanez.cl\/web\/wp-json\/wp\/v2\/categories?post=3563"},{"taxonomy":"post_tag","embeddable":true,"href":"https:\/\/www.radiopresidenteibanez.cl\/web\/wp-json\/wp\/v2\/tags?post=3563"}],"curies":[{"name":"wp","href":"https:\/\/api.w.org\/{rel}","templated":true}]}}