{"id":35620,"date":"2022-12-15T12:37:00","date_gmt":"2022-12-15T15:37:00","guid":{"rendered":"https:\/\/www.radiopresidenteibanez.cl\/web\/?p=35620"},"modified":"2022-12-15T10:05:44","modified_gmt":"2022-12-15T13:05:44","slug":"indh-y-carabineros-realizaron-webinar-internacional","status":"publish","type":"post","link":"https:\/\/www.radiopresidenteibanez.cl\/web\/indh-y-carabineros-realizaron-webinar-internacional\/","title":{"rendered":"<strong>INDH Y CARABINEROS REALIZARON WEBINAR INTERNACIONAL<\/strong>"},"content":{"rendered":"\n<p>La sesi\u00f3n cuyo tema central fue: \u201cPolic\u00eda basada en derechos humanos\u201d, dictada por el inspector de la polic\u00eda local de Espa\u00f1a \u2013 David Mart\u00edn Ab\u00e1nades, cont\u00f3 con la participaci\u00f3n de personal institucional de comisar\u00edas, tenencias y retenes de la regi\u00f3n de magallanes y de las secciones regionales de derechos humanos y protecci\u00f3n de la familia del pa\u00eds.<\/p>\n\n\n\n<p>De acuerdo a los antecedentes proporcionados por la secci\u00f3n regional de derechos humanos y protecci\u00f3n de la familia de carabineros de la XII zona de magallanes y de la ant\u00e1rtica chilena, el pasado lunes 12 del presente mes, la mencionada secci\u00f3n en coordinaci\u00f3n con la sede regional del Instituto Nacional de Derechos Humanos y el Inspector de la Polic\u00eda Local de Fuenlabrada, llevaron a cabo el Webinar, instancia en la que se conmemor\u00f3 el 74\u00b0 aniversario de la declaraci\u00f3n universal de los derechos humanos.<\/p>\n\n\n\n<p>Cristian Figueroa Fuentealba, jefe de la sede regional del instituto nacional de derechos humanos de magallanes y de la ant\u00e1rtica chilena, hizo una introducci\u00f3n en la que hizo \u00e9nfasis que la funci\u00f3n policial se encuentra estrechamente relacionada con la protecci\u00f3n y promoci\u00f3n de los derechos humanos. \u201cEs fundamental que nuestras polic\u00edas conozcan experiencias de otras latitudes de manera tal que en el actual proceso de fortalecimiento institucional por el que transita Carabineros de Chile , se puedan incorporar acciones exitosas que han dado buenos resultados&nbsp; en este importante desaf\u00edo\u201d, coment\u00f3.<\/p>\n\n\n\n<p>Posteriormente, David Mart\u00edn Ab\u00e1nades, quien es consultor experto de la red de ciudades interculturales y de la oficina de la comisar\u00eda de derechos humanos del Consejo de Europa e Inspector de la Polic\u00eda Local de Fuenlabrada, Madrid, Espa\u00f1a. Graduado en Derecho por la UNED y M\u00e1ster en Derechos Humanos, Democracia y Globalizaci\u00f3n en la Universidad Oberta de Catalu\u00f1a, expuso contenidos relacionados al enfoque de la polic\u00eda, basados en los Derechos Humanos en la funci\u00f3n policial.<\/p>\n\n\n\n<p>\u201cHist\u00f3ricamente los servicios policiales se han dise\u00f1ado para perseguir infractores de normas, en las sociedades democr\u00e1ticas modernas los servicios policiales deben cambiar el foco principal de su trabajo y dise\u00f1ar su organizaci\u00f3n y funcionamiento para la protecci\u00f3n de los derechos humanos de la sociedad en la que prestan su servicio. Una polic\u00eda basada en los derechos humanos tiene como objetivo fundamental proteger antes que perseguir, sin que esto suponga dejar de realizar el trabajo de localizar a los infractores de normas, \u00e9sta es la apuesta por la que ha optado la Polic\u00eda Local de Fuenlabrada\u00bb, se\u00f1al\u00f3 el inspector Ab\u00e1nades.<\/p>\n\n\n\n<p><a><\/a>Finalmente, el Sargento 2do. V\u00edctor Neira Vera, de la Secci\u00f3n Regional de Derechos Humanos de la XII Zona de Carabineros de Magallanes manifiesta que: \u00abEs muy valioso crear este tipo de espacios para la reflexi\u00f3n de nuestro personal, integrando en esta actividad conmemorativa interinstitucional la valiosa perspectiva que tienen colegas de otras latitudes. Esperamos aportar de forma significativa a fortalecer una cultura organizacional de respeto, protecci\u00f3n y promoci\u00f3n de los derechos humanos en Carabineros\u00bb, puntualiz\u00f3.<\/p>\n","protected":false},"excerpt":{"rendered":"<p>La sesi\u00f3n cuyo tema central fue: \u201cPolic\u00eda basada en derechos humanos\u201d, dictada por el inspector de la polic\u00eda local de Espa\u00f1a \u2013 David Mart\u00edn Ab\u00e1nades, cont\u00f3 con la participaci\u00f3n de&#8230; <a class=\"read-more\" href=\"https:\/\/www.radiopresidenteibanez.cl\/web\/indh-y-carabineros-realizaron-webinar-internacional\/\">Leer m\u00e1s<\/a><\/p>\n","protected":false},"author":2,"featured_media":35621,"comment_status":"closed","ping_status":"closed","sticky":false,"template":"","format":"standard","meta":{"footnotes":""},"categories":[1],"tags":[],"class_list":["post-35620","post","type-post","status-publish","format-standard","has-post-thumbnail","hentry","category-cronica"],"_links":{"self":[{"href":"https:\/\/www.radiopresidenteibanez.cl\/web\/wp-json\/wp\/v2\/posts\/35620","targetHints":{"allow":["GET"]}}],"collection":[{"href":"https:\/\/www.radiopresidenteibanez.cl\/web\/wp-json\/wp\/v2\/posts"}],"about":[{"href":"https:\/\/www.radiopresidenteibanez.cl\/web\/wp-json\/wp\/v2\/types\/post"}],"author":[{"embeddable":true,"href":"https:\/\/www.radiopresidenteibanez.cl\/web\/wp-json\/wp\/v2\/users\/2"}],"replies":[{"embeddable":true,"href":"https:\/\/www.radiopresidenteibanez.cl\/web\/wp-json\/wp\/v2\/comments?post=35620"}],"version-history":[{"count":0,"href":"https:\/\/www.radiopresidenteibanez.cl\/web\/wp-json\/wp\/v2\/posts\/35620\/revisions"}],"wp:featuredmedia":[{"embeddable":true,"href":"https:\/\/www.radiopresidenteibanez.cl\/web\/wp-json\/wp\/v2\/media\/35621"}],"wp:attachment":[{"href":"https:\/\/www.radiopresidenteibanez.cl\/web\/wp-json\/wp\/v2\/media?parent=35620"}],"wp:term":[{"taxonomy":"category","embeddable":true,"href":"https:\/\/www.radiopresidenteibanez.cl\/web\/wp-json\/wp\/v2\/categories?post=35620"},{"taxonomy":"post_tag","embeddable":true,"href":"https:\/\/www.radiopresidenteibanez.cl\/web\/wp-json\/wp\/v2\/tags?post=35620"}],"curies":[{"name":"wp","href":"https:\/\/api.w.org\/{rel}","templated":true}]}}