{"id":35617,"date":"2022-12-15T11:48:00","date_gmt":"2022-12-15T14:48:00","guid":{"rendered":"https:\/\/www.radiopresidenteibanez.cl\/web\/?p=35617"},"modified":"2022-12-15T09:54:27","modified_gmt":"2022-12-15T12:54:27","slug":"como-avanza-el-proyecto-de-40-horas-la-seremi-del-trabajo-explica-los-detalles","status":"publish","type":"post","link":"https:\/\/www.radiopresidenteibanez.cl\/web\/como-avanza-el-proyecto-de-40-horas-la-seremi-del-trabajo-explica-los-detalles\/","title":{"rendered":"\u00bfC\u00f3mo avanza el proyecto de 40 horas? La Seremi del Trabajo explica los detalles"},"content":{"rendered":"\n<p>El proyecto de ley que busca reducir la jornada laboral de 45 a 40 horas sigue avanzando en la<br>Comisi\u00f3n de Trabajo y Previsi\u00f3n Social del Senado con la aprobaci\u00f3n de m\u00e1s de una decena de<br>indicaciones, entre ellas, la posibilidad de tener jornadas laborales de 4 por 3 d\u00edas de descanso.<br>Los m\u00e1s optimistas con estos avances, sin duda, son los trabajadores y trabajadoras, quienes<br>han manifestado su conformidad con esta reducci\u00f3n de horas laborales en las 5 empresas<br>regionales que ya han implementado esta jornada en la zona.<br>La Seremi del Trabajo y Previsi\u00f3n Social, Doris Sandoval, destac\u00f3 el progreso de la iniciativa,<br>se\u00f1alando que esto ha sido posible, gracias al di\u00e1logo propiciado por el Gobierno para la<br>tramitaci\u00f3n de las diferentes propuestas de su programa.<br>\u201cUn sello que ha sido caracter\u00edstico de nuestro Gobierno, es buscar, impulsar y mantener el<br>di\u00e1logo para lograr los acuerdos tan necesarios, que permitan que las buenas iniciativas avancen<br>en el Congreso. Nuestro pa\u00eds le debe a las y los trabajadores, una nueva jornada laboral que<br>dignifique la vida y su pleno disfrute\u201d, expres\u00f3.<br>\u201cEsta voluntad de di\u00e1logo, se ha expresado, adem\u00e1s, en las mesas tripartitas, que se realizaron<br>para levantar la propuesta de reforma de pensiones y tambi\u00e9n en otros \u00e1mbitos, como<br>recientemente fue el cierre de la mesa de di\u00e1logo social tripartito para la equidad de g\u00e9nero. Lo<br>mismo se ha aplicado para la tramitaci\u00f3n de este proyecto de 40 horas\u201d, a\u00f1adi\u00f3 la secretaria<br>regional.<br>Hasta ahora, se ha logrado que, por unanimidad de la Comisi\u00f3n de Trabajo, se aprueben<br>indicaciones tales como: la reducci\u00f3n de la jornada ordinaria de 45 a 40 horas, que es el<br>coraz\u00f3n del proyecto y que manda que en el art\u00edculo 22 del C\u00f3digo del Trabajo se sustituya el<br>guarismo \u201845\u2019 por \u201840\u2019 horas; la reducci\u00f3n de la jornada del sector agr\u00edcola, jornada especial de<br>tipo anual que se rebaj\u00f3 proporcionalmente para ajustarse a las 40 horas; la norma que reduce<br>el espacio para la aplicaci\u00f3n del Art\u00edculo 22 del c\u00f3digo del Trabajo, entre otras.<br>\u201cLa reducci\u00f3n de la jornada ordinaria de 45 a 40 horas, fue la primera indicaci\u00f3n que se aprob\u00f3<br>con un consenso transversal de los miembros de la Comisi\u00f3n. Asimismo, tenemos aprobada la<br>indicaci\u00f3n que regula de manera m\u00e1s precisa la aplicaci\u00f3n del Art\u00edculo 22. Hemos logrado<br>reducirlo, a fin de que solamente queden en dicha condici\u00f3n, quienes ejercen labores de alta<\/p>\n\n\n\n<p>gerencia dentro de una empresa y aquellos que, por la naturaleza de sus funciones, no est\u00e9n<br>sometidos a fiscalizaci\u00f3n superior\u201d, especific\u00f3 la Seremi.<br>Asimismo, la Comisi\u00f3n dio luz verde a modificar la distribuci\u00f3n de la jornada semanal,<br>permitiendo la disposici\u00f3n de 4 d\u00edas de trabajo por 3 de descanso (4 x 3), ajust\u00e1ndose a las<br>normas actuales que permiten jornadas diarias de hasta 10 horas.<br>Entre otras indicaciones aprobadas, se encuentran: la Modificaci\u00f3n de la regulaci\u00f3n del registro<br>de asistencia, que reconoce en la ley los sistemas electr\u00f3nicos de jornada; el permiso para que<br>las horas extraordinarias puedan ser compensadas con d\u00edas adicionales de feriado, lo que<br>permitir\u00e1 mayor descanso y tiempo familiar a los\/as trabajadores\/as; la Derogaci\u00f3n de la<br>jornada de 60 horas semanales en hoteles, aplic\u00e1ndose as\u00ed la jornada de 40 horas, a\u00fan<br>permitiendo la posibilidad de realizar turnos cortados.<br>Adicionalmente, la Comisi\u00f3n aprob\u00f3 tambi\u00e9n la aplicaci\u00f3n de Medidas de apoyo a la<br>capacitaci\u00f3n de Mipymes por parte de Sence para favorecer el proceso de implementaci\u00f3n de<br>la reducci\u00f3n de jornada con capacitaciones relativas a la gesti\u00f3n eficiente del tiempo y sobre<br>avances tecnol\u00f3gicos; y, por \u00faltimo, tambi\u00e9n se aprob\u00f3 norma para la Fiscalizaci\u00f3n asistida de<br>la Direcci\u00f3n del Trabajo para favorecer el cumplimiento de la normativa laboral, otorgando la<br>posibilidad de corregir irregularidades a aquellas Mipymes que se sometan voluntariamente a<br>fiscalizaci\u00f3n, lo que busca que las y los trabajadores gocen efectivamente de derechos laborales.<br>La autoridad record\u00f3 que, junto con las cinco empresas magall\u00e1nicas que ya han conseguido el<br>sello 40 horas, actualmente, otras diez firmas regionales se encuentran en proceso de obtenci\u00f3n<br>del certificado, las cuales se dar\u00e1n a conocer prontamente.<\/p>\n","protected":false},"excerpt":{"rendered":"<p>El proyecto de ley que busca reducir la jornada laboral de 45 a 40 horas sigue avanzando en laComisi\u00f3n de Trabajo y Previsi\u00f3n Social del Senado con la aprobaci\u00f3n de&#8230; <a class=\"read-more\" href=\"https:\/\/www.radiopresidenteibanez.cl\/web\/como-avanza-el-proyecto-de-40-horas-la-seremi-del-trabajo-explica-los-detalles\/\">Leer m\u00e1s<\/a><\/p>\n","protected":false},"author":2,"featured_media":35618,"comment_status":"closed","ping_status":"closed","sticky":false,"template":"","format":"standard","meta":{"footnotes":""},"categories":[1],"tags":[],"class_list":["post-35617","post","type-post","status-publish","format-standard","has-post-thumbnail","hentry","category-cronica"],"_links":{"self":[{"href":"https:\/\/www.radiopresidenteibanez.cl\/web\/wp-json\/wp\/v2\/posts\/35617","targetHints":{"allow":["GET"]}}],"collection":[{"href":"https:\/\/www.radiopresidenteibanez.cl\/web\/wp-json\/wp\/v2\/posts"}],"about":[{"href":"https:\/\/www.radiopresidenteibanez.cl\/web\/wp-json\/wp\/v2\/types\/post"}],"author":[{"embeddable":true,"href":"https:\/\/www.radiopresidenteibanez.cl\/web\/wp-json\/wp\/v2\/users\/2"}],"replies":[{"embeddable":true,"href":"https:\/\/www.radiopresidenteibanez.cl\/web\/wp-json\/wp\/v2\/comments?post=35617"}],"version-history":[{"count":0,"href":"https:\/\/www.radiopresidenteibanez.cl\/web\/wp-json\/wp\/v2\/posts\/35617\/revisions"}],"wp:featuredmedia":[{"embeddable":true,"href":"https:\/\/www.radiopresidenteibanez.cl\/web\/wp-json\/wp\/v2\/media\/35618"}],"wp:attachment":[{"href":"https:\/\/www.radiopresidenteibanez.cl\/web\/wp-json\/wp\/v2\/media?parent=35617"}],"wp:term":[{"taxonomy":"category","embeddable":true,"href":"https:\/\/www.radiopresidenteibanez.cl\/web\/wp-json\/wp\/v2\/categories?post=35617"},{"taxonomy":"post_tag","embeddable":true,"href":"https:\/\/www.radiopresidenteibanez.cl\/web\/wp-json\/wp\/v2\/tags?post=35617"}],"curies":[{"name":"wp","href":"https:\/\/api.w.org\/{rel}","templated":true}]}}