{"id":35611,"date":"2022-12-15T09:41:00","date_gmt":"2022-12-15T12:41:00","guid":{"rendered":"https:\/\/www.radiopresidenteibanez.cl\/web\/?p=35611"},"modified":"2022-12-15T09:01:15","modified_gmt":"2022-12-15T12:01:15","slug":"140-mujeres-de-punta-arenas-pusieron-fin-a-talleres-de-la-oficina-municipal-de-la-mujer","status":"publish","type":"post","link":"https:\/\/www.radiopresidenteibanez.cl\/web\/140-mujeres-de-punta-arenas-pusieron-fin-a-talleres-de-la-oficina-municipal-de-la-mujer\/","title":{"rendered":"<strong>140 mujeres de Punta Arenas pusieron fin a talleres de la Oficina Municipal de la mujer<\/strong>"},"content":{"rendered":"\n<p>Con una ceremonia realizada en el Centro Cultural Municipal \u201cClaudio Paredes Chamorro\u201d, se dieron por finalizados los 10 talleres impartidos desde la Oficina Municipal de la Mujer durante el segundo semestre de 2022, donde participaron 140 mujeres.<br>\u201cFueron 10 espacios donde nuestras vecinas pudieron reencontrarse, compartir, hacer amigos, y para nosotros es algo muy importante donde nuestras vecinas tambi\u00e9n tienen un espacio de una experiencia distinta, porque son temas que no estaban acostumbradas, pudieron aprender cosas nuevas. Y se suma tambi\u00e9n a todo el tema cultural y a todo el tema de los adultos mayores\u201d, afirm\u00f3 el alcalde de Punta Arenas, Claudio Radonich.<br>Las usuarias pudieron participar de talleres como Cosm\u00e9tica y Medicina Natural, Fieltro, Zumba, Salsa y Bachata, Bombas Efervescentes, Automaquillaje, Body Combat, Huertos Urbanos, Comunicaci\u00f3n Integral y Empoderamiento Femenino.<br>\u201cFue excelente. Muchos temas, vivencias nuestras, de ella misma y del entorno que nos dejan muy bien empoderadas para relacionarnos con la sociedad\u201d, afirm\u00f3 Mar\u00eda Patricia Vargas, quien particip\u00f3 del taller de Empoderamiento Femenino.<br>En tanto, Gissela Flores, participante de distintos talleres, entre ellos el de Comunicaci\u00f3n Integral, se\u00f1al\u00f3 que \u201cquiero destacar el taller de Comunicaci\u00f3n donde tuve una coach extraordinaria, donde me ense\u00f1\u00f3 a conocerme interiormente y estoy agradecida por todos los beneficios que nos dan a las mujeres en esta ciudad\u201d.<br>Finalmente, Ximena Fuentes, participante del taller Huertos Urbanos, se\u00f1al\u00f3 que \u201cfue muy entretenido, sobre todo para las mujeres adultas mayores. Hicimos un grupo muy maravilloso, con una profesora excelente, que nos explicaba paso a paso todo lo que ten\u00edamos que hacer\u201d.<br>Los talleres se retomar\u00e1n en marzo y se informar\u00e1 en los meses previos las distintas alternativas y la forma de inscripci\u00f3n.&nbsp;<\/p>\n","protected":false},"excerpt":{"rendered":"<p>Con una ceremonia realizada en el Centro Cultural Municipal \u201cClaudio Paredes Chamorro\u201d, se dieron por finalizados los 10 talleres impartidos desde la Oficina Municipal de la Mujer durante el segundo&#8230; <a class=\"read-more\" href=\"https:\/\/www.radiopresidenteibanez.cl\/web\/140-mujeres-de-punta-arenas-pusieron-fin-a-talleres-de-la-oficina-municipal-de-la-mujer\/\">Leer m\u00e1s<\/a><\/p>\n","protected":false},"author":2,"featured_media":35612,"comment_status":"closed","ping_status":"closed","sticky":false,"template":"","format":"standard","meta":{"footnotes":""},"categories":[1],"tags":[],"class_list":["post-35611","post","type-post","status-publish","format-standard","has-post-thumbnail","hentry","category-cronica"],"_links":{"self":[{"href":"https:\/\/www.radiopresidenteibanez.cl\/web\/wp-json\/wp\/v2\/posts\/35611","targetHints":{"allow":["GET"]}}],"collection":[{"href":"https:\/\/www.radiopresidenteibanez.cl\/web\/wp-json\/wp\/v2\/posts"}],"about":[{"href":"https:\/\/www.radiopresidenteibanez.cl\/web\/wp-json\/wp\/v2\/types\/post"}],"author":[{"embeddable":true,"href":"https:\/\/www.radiopresidenteibanez.cl\/web\/wp-json\/wp\/v2\/users\/2"}],"replies":[{"embeddable":true,"href":"https:\/\/www.radiopresidenteibanez.cl\/web\/wp-json\/wp\/v2\/comments?post=35611"}],"version-history":[{"count":0,"href":"https:\/\/www.radiopresidenteibanez.cl\/web\/wp-json\/wp\/v2\/posts\/35611\/revisions"}],"wp:featuredmedia":[{"embeddable":true,"href":"https:\/\/www.radiopresidenteibanez.cl\/web\/wp-json\/wp\/v2\/media\/35612"}],"wp:attachment":[{"href":"https:\/\/www.radiopresidenteibanez.cl\/web\/wp-json\/wp\/v2\/media?parent=35611"}],"wp:term":[{"taxonomy":"category","embeddable":true,"href":"https:\/\/www.radiopresidenteibanez.cl\/web\/wp-json\/wp\/v2\/categories?post=35611"},{"taxonomy":"post_tag","embeddable":true,"href":"https:\/\/www.radiopresidenteibanez.cl\/web\/wp-json\/wp\/v2\/tags?post=35611"}],"curies":[{"name":"wp","href":"https:\/\/api.w.org\/{rel}","templated":true}]}}