{"id":35602,"date":"2022-12-14T19:17:00","date_gmt":"2022-12-14T22:17:00","guid":{"rendered":"https:\/\/www.radiopresidenteibanez.cl\/web\/?p=35602"},"modified":"2022-12-14T16:02:42","modified_gmt":"2022-12-14T19:02:42","slug":"inach-alcanzara-niveles-de-actividad-prepandemia-en-expedicion-cientifica-antartica","status":"publish","type":"post","link":"https:\/\/www.radiopresidenteibanez.cl\/web\/inach-alcanzara-niveles-de-actividad-prepandemia-en-expedicion-cientifica-antartica\/","title":{"rendered":"<strong>INACH alcanzar\u00e1 niveles de actividad prepandemia en Expedici\u00f3n Cient\u00edfica Ant\u00e1rtica<\/strong>"},"content":{"rendered":"\n<p>La LIX Expedici\u00f3n Cient\u00edfica Ant\u00e1rtica (ECA 59) que coordina el Instituto Ant\u00e1rtico Chileno (INACH) ya se encuentra en marcha con los primeros investigadores e investigadoras en terreno. Se espera un traslado de 493 mujeres y hombres (cumpliendo roles cient\u00edficos y log\u00edsticos) que viajar\u00e1n por v\u00eda a\u00e9rea y mar\u00edtima hasta marzo del 2023, para efectuar las tomas de muestras y mediciones necesarias para cada una de sus investigaciones.<\/p>\n\n\n\n<p>Ser\u00e1n 47 proyectos en terreno que se desplegar\u00e1n por sectores de investigaci\u00f3n en las cercan\u00edas de las bases Profesor Julio Escudero, Yelcho, Risopatr\u00f3n, O\u2019Higgins,&nbsp; Prat y la&nbsp;Estaci\u00f3n Polar Cient\u00edfica Conjunta Glaciar Uni\u00f3n. Adem\u00e1s, se establecer\u00e1n campamentos en punta Armon\u00eda y cabo Melville. Asimismo, los traslados y expedici\u00f3n mar\u00edtima de las y los investigadores se realizar\u00e1n en el buque&nbsp;<em>Aquiles<\/em>, de la Armada de Chile, el buque&nbsp;<em>Betanzos<\/em>, de la empresa DAP, y la lancha cient\u00edfica&nbsp;<em>Karpuj<\/em>, del INACH.<\/p>\n\n\n\n<p>El director del INACH, Dr. Marcelo Leppe Cartes, comenta el por qu\u00e9 de estudiar un continente como la Ant\u00e1rtica, subrayando que hace unos 30 a\u00f1os habr\u00eda resaltado la necesidad de preservar este pr\u00edstino terreno para la humanidad. Hoy, sin embargo, se\u00f1ala que se debe estudiar al Continente Blanco porque el foco est\u00e1 puesto en entender que este territorio dej\u00f3 de ser ese \u201cgigante dormido\u201d y se debe entender c\u00f3mo este continente moldea a Chile y al planeta.<\/p>\n\n\n\n<p>\u201cDurante esta expedici\u00f3n, 47 proyectos estar\u00e1n presentes en Ant\u00e1rtica, una cantidad que se va acercando a los n\u00fameros que ten\u00edamos antes de la pandemia. Desde el mes de noviembre y hasta marzo del 2023 trasladaremos a cient\u00edficos y cient\u00edficas, adem\u00e1s del personal log\u00edstico, estos \u00faltimos seleccionados con paridad de g\u00e9nero. Las investigaciones se enfocan en tres aristas interconectadas: un tercio son estudios sobre el cambio clim\u00e1tico en la dimensi\u00f3n f\u00edsica \u2013la atm\u00f3sfera, la cri\u00f3sfera, el oc\u00e9ano\u2013, un segundo grupo se enfoca en la biodiversidad, por ejemplo, c\u00f3mo esta responde al cambio clim\u00e1tico, y una tercera dimensi\u00f3n es la biolog\u00eda molecular y microbiolog\u00eda\u201d, agrega Leppe.<\/p>\n\n\n\n<p>En la anterior expedici\u00f3n ant\u00e1rtica se instalaron las primeras cuatro estaciones de la Red Latitudinal de Estaciones Multiparam\u00e9tricas (Glaciar Uni\u00f3n, base Carvajal, base Yelcho y base Escudero). Estas estaciones miden factores como la temperatura, la humedad relativa o el albedo (radiaci\u00f3n reflejada por una superficie). Se espera que para el a\u00f1o 2024 est\u00e9n instaladas 21 estaciones en marcha blanca, las que al a\u00f1o 2025 estar\u00edan transmitiendo datos en tiempo real, como sucede con las cuatro ya instaladas.<\/p>\n\n\n\n<p>Durante la expedici\u00f3n 2022-2023 se har\u00e1 mantenimiento a esas cuatro estaciones de sensores, y se instalar\u00e1n siete puntos nuevos en cabo Melville, punta Armon\u00eda, punta Spring, base Prat, base O&#8217;Higgins y base Gabriel Gonz\u00e1lez Videla. Adem\u00e1s, durante el invierno se instalar\u00e1 en el refugio Boonen Rivera.<\/p>\n\n\n\n<p><strong>\u00bfQu\u00e9 son estos sensores y para qu\u00e9 sirven?<\/strong><\/p>\n\n\n\n<p>\u201cLa importancia del proyecto para dotar a la pen\u00ednsula Ant\u00e1rtica de una red de sensores orientados latitudinalmente conectados con un cerebro en Punta Arenas consiste b\u00e1sicamente en medir los efectos de un fen\u00f3meno que tiene variadas expresiones f\u00edsicas. Las estaciones van a medir muchos par\u00e1metros a trav\u00e9s de sensores de alta complejidad que van a estar registrando y transmitiendo en tiempo real temperatura, presi\u00f3n y par\u00e1metros m\u00e1s complejos como albedo y radiaci\u00f3n solar\u201d, se\u00f1ala Leppe.<\/p>\n\n\n\n<p>Esta gran cantidad de sensores ayudar\u00e1 a conocer mejor un continente del que se tienen muy pocos datos y que influye de manera muy potente en el clima mundial y particularmente en Chile, donde define gran parte de su actividad econ\u00f3mica con la disponibilidad de agua, la precipitaci\u00f3n en la cordillera de los Andes, la que provoca la acumulaci\u00f3n de agua s\u00f3lida y permite tambi\u00e9n una econom\u00eda agraria. \u201cAdem\u00e1s, el desarrollo de la pesca est\u00e1 fuertemente condicionado por la interacci\u00f3n de la corriente circumpolar ant\u00e1rtica, la corriente de Humboldt y la productividad primaria de nuestros oc\u00e9anos\u201d, finaliza el director de INACH.<\/p>\n\n\n\n<p><strong>Oportunidades que m\u00e1s mujeres trabajen en la Ant\u00e1rtica<\/strong><strong><\/strong><\/p>\n\n\n\n<p>En esta temporada se efectu\u00f3 un llamado p\u00fablico para que 20 hombres y mujeres de todo Chile puedan trabajar como personal log\u00edstico en la Ant\u00e1rtica durante la ECA. Se recibieron m\u00e1s de 4.000 curr\u00edculos y ya la mayor\u00eda de los y las seleccionadas se encuentran en labores en el Continente Blanco.<\/p>\n\n\n\n<p>Iva V\u00e1squez lleg\u00f3 desde la isla de Robinson Crusoe, archipi\u00e9lago de Juan Fern\u00e1ndez, a desempe\u00f1ar funciones como patrona de nave menor. Muy emocionada antes de emprender el viaje a Ant\u00e1rtica la joven coment\u00f3 que estaba \u00abmuy agradecida y afortunada de desempe\u00f1arme en este bello territorio. Cuando me llamaron para avisarme que hab\u00eda sido seleccionada estaba muy sorprendida. Tuve que entregar mi casa en Juan Fern\u00e1ndez y decirle a mi familia que me ven\u00eda para ac\u00e1, todos muy felices por m\u00ed y todos en la isla me desearon lo mejor porque all\u00e1 somos muy poquitos\u00bb, comenta entre risas. De este nuevo viaje ella espera \u00abaprender un mont\u00f3n, conocer, ser un aporte, cumplir con nuestro objetivo de apoyar a la investigaci\u00f3n cient\u00edfica de Chile en Ant\u00e1rtica\u00bb.<\/p>\n\n\n\n<p>Cristian Chau vive en Villa Alemana, regi\u00f3n de Valpara\u00edso, aunque es oriundo de Copiap\u00f3 y durante la expedici\u00f3n cumplir\u00e1 funciones de soldador. Se define a s\u00ed mismo como un enamorado de la Ant\u00e1rtica y que ya hab\u00eda viajado en dos oportunidades como funcionario de la Armada de Chile. \u00abRealmente la Ant\u00e1rtica me deslumbra, me apasiona y siempre me llama a volver, me enamor\u00e9 de su blancura, de su ambiente, el sistema que hay all\u00e1, la colaboraci\u00f3n. Por lo que no lo pens\u00e9 dos veces, postul\u00e9 y afortunadamente qued\u00e9 seleccionado. Mi especialidad son los trabajos en soldadura pero s\u00e9 que en Ant\u00e1rtica hay que hacer de todo y feliz vengo a apoyar en lo que se requiera en otras \u00e1reas\u00bb, se\u00f1al\u00f3.<\/p>\n\n\n\n<p>Asimismo, en esta temporada est\u00e1n programados dos viajes de estudiantes ganadores de la Feria Ant\u00e1rtica Escolar (FAE), los cuales visitar\u00e1n la isla Rey Jorge y realizar\u00e1n actividades en terreno junto a investigadores e investigadoras ant\u00e1rticas.<\/p>\n\n\n\n<p>El INACH es un organismo t\u00e9cnico del Ministerio de Relaciones Exteriores con plena autonom\u00eda en todo lo relacionado con asuntos ant\u00e1rticos de car\u00e1cter cient\u00edfico, tecnol\u00f3gico y de difusi\u00f3n. El INACH cumple con la Pol\u00edtica Ant\u00e1rtica Nacional incentivando el desarrollo de la investigaci\u00f3n de excelencia, participando efectivamente en el Sistema del Tratado Ant\u00e1rtico y foros relacionados, fortaleciendo a Magallanes como puerta de entrada al Continente Blanco y realizando acciones de divulgaci\u00f3n del conocimiento ant\u00e1rtico en la ciudadan\u00eda.&nbsp;<\/p>\n","protected":false},"excerpt":{"rendered":"<p>La LIX Expedici\u00f3n Cient\u00edfica Ant\u00e1rtica (ECA 59) que coordina el Instituto Ant\u00e1rtico Chileno (INACH) ya se encuentra en marcha con los primeros investigadores e investigadoras en terreno. Se espera un&#8230; <a class=\"read-more\" href=\"https:\/\/www.radiopresidenteibanez.cl\/web\/inach-alcanzara-niveles-de-actividad-prepandemia-en-expedicion-cientifica-antartica\/\">Leer m\u00e1s<\/a><\/p>\n","protected":false},"author":2,"featured_media":35603,"comment_status":"closed","ping_status":"closed","sticky":false,"template":"","format":"standard","meta":{"footnotes":""},"categories":[1],"tags":[],"class_list":["post-35602","post","type-post","status-publish","format-standard","has-post-thumbnail","hentry","category-cronica"],"_links":{"self":[{"href":"https:\/\/www.radiopresidenteibanez.cl\/web\/wp-json\/wp\/v2\/posts\/35602","targetHints":{"allow":["GET"]}}],"collection":[{"href":"https:\/\/www.radiopresidenteibanez.cl\/web\/wp-json\/wp\/v2\/posts"}],"about":[{"href":"https:\/\/www.radiopresidenteibanez.cl\/web\/wp-json\/wp\/v2\/types\/post"}],"author":[{"embeddable":true,"href":"https:\/\/www.radiopresidenteibanez.cl\/web\/wp-json\/wp\/v2\/users\/2"}],"replies":[{"embeddable":true,"href":"https:\/\/www.radiopresidenteibanez.cl\/web\/wp-json\/wp\/v2\/comments?post=35602"}],"version-history":[{"count":0,"href":"https:\/\/www.radiopresidenteibanez.cl\/web\/wp-json\/wp\/v2\/posts\/35602\/revisions"}],"wp:featuredmedia":[{"embeddable":true,"href":"https:\/\/www.radiopresidenteibanez.cl\/web\/wp-json\/wp\/v2\/media\/35603"}],"wp:attachment":[{"href":"https:\/\/www.radiopresidenteibanez.cl\/web\/wp-json\/wp\/v2\/media?parent=35602"}],"wp:term":[{"taxonomy":"category","embeddable":true,"href":"https:\/\/www.radiopresidenteibanez.cl\/web\/wp-json\/wp\/v2\/categories?post=35602"},{"taxonomy":"post_tag","embeddable":true,"href":"https:\/\/www.radiopresidenteibanez.cl\/web\/wp-json\/wp\/v2\/tags?post=35602"}],"curies":[{"name":"wp","href":"https:\/\/api.w.org\/{rel}","templated":true}]}}