{"id":3560,"date":"2019-04-21T20:15:24","date_gmt":"2019-04-21T20:15:24","guid":{"rendered":"http:\/\/www.radiopresidenteibanez.cl\/web\/?p=3560"},"modified":"2019-04-21T20:15:39","modified_gmt":"2019-04-21T20:15:39","slug":"municipio-de-porvenir-reinauguro-dos-sedes-vecinales-en-la-comuna","status":"publish","type":"post","link":"https:\/\/www.radiopresidenteibanez.cl\/web\/municipio-de-porvenir-reinauguro-dos-sedes-vecinales-en-la-comuna\/","title":{"rendered":"MUNICIPIO DE PORVENIR REINAUGUR\u00d3 DOS SEDES VECINALES EN LA COMUNA"},"content":{"rendered":"\n<p>En Porvenir se llev\u00f3 a cabo\nla reinauguraci\u00f3n de los trabajos de remodelaci\u00f3n de la Sede social de la Junta\nde Vecinos Nro 1 y la uni\u00f3n comunal de juntas de vecino de Porvenir; Esto\ngracias a un proyecto Fril por un total de $77.948.295.-, que tuvo como\nobjetivo realizar mejoras integrales en ambas sedes sociales de la capital de\nTierra del Fuego.<\/p>\n\n\n\n<p>Cabe destacar que este\nproyecto fue presentado por la municipalidad de Porvenir y se adjudic\u00f3 el a\u00f1o\n2018. A la ceremonia asistieron; la alcaldesa Marisol Andrade C\u00e1rdenas, los\nconcejales Carlos soto, Rosa Gesell, Ryan Verdugo Junto a la gobernadora\nMargarita Norambuena, el consejero regional Andr\u00e9s L\u00f3pez y Renato Saldivia, representante\nde la Junta de Vecinos Nro 1.<\/p>\n\n\n\n<p>La jefa comunal, Marisol Andrade,\ndijo que \u201ccon mucha alegr\u00eda hemos reinaugurado la sede de la junta vecinal Nro\n1 y la uni\u00f3n comunal, estas dos infraestructuras fueron restauradas por el\nmunicipio de tal manera de recuperar estos espacios y que sean entregados a la\ncomunidad\u201d. <\/p>\n\n\n\n<p>A\u00f1adi\u00f3 la alcaldesa que la\njunta de vecinos Nro uno, es una sede tradicional, antigua y que abarca un gran\nsector de nuestra comuna. Por su parte la sede de la uni\u00f3n comunal alberga y da\nespacio a todos quienes necesitan de este espacio, como por ejemplo a las\ninstituciones sin fines de lucro, por consecuencia potenciar con dotaci\u00f3n de\ninfraestructura a los dirigentes sociales es importante porque con ellos vamos\na potenciar tambi\u00e9n la participaci\u00f3n ciudadana de cada vecino y vecina de la\ncomuna de Porvenir\u201d.<\/p>\n\n\n\n<p>Cabe destacar que en la misma instancia y con una gran cantidad de asistentes se realiz\u00f3 la segunda feria del adulto mayor, la que tuvo como epicentro la sede vecinal numero uno, en esta feria hubo vacunaciones contra la influenza, adem\u00e1s peluquer\u00eda, manicure, masajes, maquillaje, terapia ocupacional y enfermer\u00eda. <\/p>\n\n\n\n<figure class=\"wp-block-image\"><img loading=\"lazy\" decoding=\"async\" width=\"900\" height=\"562\" src=\"https:\/\/www.radiopresidenteibanez.cl\/web\/wp-content\/uploads\/2019\/04\/Inauguracio\u00ecn-9.jpg\" alt=\"\" class=\"wp-image-3561\" srcset=\"https:\/\/www.radiopresidenteibanez.cl\/web\/wp-content\/uploads\/2019\/04\/Inauguracio\u00ecn-9.jpg 900w, https:\/\/www.radiopresidenteibanez.cl\/web\/wp-content\/uploads\/2019\/04\/Inauguracio\u00ecn-9-300x187.jpg 300w, https:\/\/www.radiopresidenteibanez.cl\/web\/wp-content\/uploads\/2019\/04\/Inauguracio\u00ecn-9-768x480.jpg 768w\" sizes=\"auto, (max-width: 900px) 100vw, 900px\" \/><\/figure>\n","protected":false},"excerpt":{"rendered":"<p>En Porvenir se llev\u00f3 a cabo la reinauguraci\u00f3n de los trabajos de remodelaci\u00f3n de la Sede social de la Junta de Vecinos Nro 1 y la uni\u00f3n comunal de juntas&#8230; <a class=\"read-more\" href=\"https:\/\/www.radiopresidenteibanez.cl\/web\/municipio-de-porvenir-reinauguro-dos-sedes-vecinales-en-la-comuna\/\">Leer m\u00e1s<\/a><\/p>\n","protected":false},"author":2,"featured_media":3561,"comment_status":"closed","ping_status":"closed","sticky":false,"template":"","format":"standard","meta":{"footnotes":""},"categories":[1],"tags":[],"class_list":["post-3560","post","type-post","status-publish","format-standard","has-post-thumbnail","hentry","category-cronica"],"_links":{"self":[{"href":"https:\/\/www.radiopresidenteibanez.cl\/web\/wp-json\/wp\/v2\/posts\/3560","targetHints":{"allow":["GET"]}}],"collection":[{"href":"https:\/\/www.radiopresidenteibanez.cl\/web\/wp-json\/wp\/v2\/posts"}],"about":[{"href":"https:\/\/www.radiopresidenteibanez.cl\/web\/wp-json\/wp\/v2\/types\/post"}],"author":[{"embeddable":true,"href":"https:\/\/www.radiopresidenteibanez.cl\/web\/wp-json\/wp\/v2\/users\/2"}],"replies":[{"embeddable":true,"href":"https:\/\/www.radiopresidenteibanez.cl\/web\/wp-json\/wp\/v2\/comments?post=3560"}],"version-history":[{"count":0,"href":"https:\/\/www.radiopresidenteibanez.cl\/web\/wp-json\/wp\/v2\/posts\/3560\/revisions"}],"wp:featuredmedia":[{"embeddable":true,"href":"https:\/\/www.radiopresidenteibanez.cl\/web\/wp-json\/wp\/v2\/media\/3561"}],"wp:attachment":[{"href":"https:\/\/www.radiopresidenteibanez.cl\/web\/wp-json\/wp\/v2\/media?parent=3560"}],"wp:term":[{"taxonomy":"category","embeddable":true,"href":"https:\/\/www.radiopresidenteibanez.cl\/web\/wp-json\/wp\/v2\/categories?post=3560"},{"taxonomy":"post_tag","embeddable":true,"href":"https:\/\/www.radiopresidenteibanez.cl\/web\/wp-json\/wp\/v2\/tags?post=3560"}],"curies":[{"name":"wp","href":"https:\/\/api.w.org\/{rel}","templated":true}]}}