{"id":35599,"date":"2022-12-14T18:38:00","date_gmt":"2022-12-14T21:38:00","guid":{"rendered":"https:\/\/www.radiopresidenteibanez.cl\/web\/?p=35599"},"modified":"2022-12-14T15:51:22","modified_gmt":"2022-12-14T18:51:22","slug":"consejeros-regionales-expusieron-ante-la-comision-de-zonas-extremas-de-la-camara-los-problemas-de-conectividad-de-magallanes","status":"publish","type":"post","link":"https:\/\/www.radiopresidenteibanez.cl\/web\/consejeros-regionales-expusieron-ante-la-comision-de-zonas-extremas-de-la-camara-los-problemas-de-conectividad-de-magallanes\/","title":{"rendered":"<strong>Consejeros regionales expusieron ante la comisi\u00f3n de Zonas Extremas de la C\u00e1mara los problemas de conectividad de Magallanes<\/strong>"},"content":{"rendered":"\n<p>En representaci\u00f3n de todas las provincias participaron seis consejeros regionales junto al gobernador Jorge Flies en la comisi\u00f3n de Zonas Extremas de la C\u00e1mara. Al respecto, el representante de la provincia de Tierra del Fuego, Andr\u00e9s L\u00f3pez, afirm\u00f3 que la zona hoy \u201ctiene una conectividad bastante deficiente. Estamos al arbitrio de la empresa privada tanto en el transporte mar\u00edtimo como a\u00e9reo, por lo que hay que evaluar alternativas\u201d.<\/p>\n\n\n\n<p>En tanto, el consejero Pablo Cifuentes profundiz\u00f3 y se\u00f1al\u00f3 que \u201cla regi\u00f3n de Magallanes, por sus caracter\u00edsticas, es virtualmente una isla. Todas las veces que queremos hacer una actividad fuera de la regi\u00f3n, estamos sujetos al transporte privado. Cotic\u00e9 pasajes si quisiera viajar este fin de semana a Santiago y los pasajes a\u00e9reos alcanzan los 570 mil pesos ida y vuelta, sin equipaje. Pensemos en las familias que necesitan este traslado por motivos de salud o educaci\u00f3n. Se trata de una necesidad, no de un lujo\u201d.<\/p>\n\n\n\n<p>El consejero V\u00edctor Hugo P\u00e9rez critic\u00f3 la calidad del servicio a\u00e9reo y comparti\u00f3 un ins\u00f3lito registro, donde se ve un avi\u00f3n en pleno vuelo desde Puerto Williams sin puerta, con pasajeros en su interior.<\/p>\n\n\n\n<p>Al respecto, la diputada Javiera Morales dijo que \u201cestamos ante un problema grave en el transporte a\u00e9reo. Hemos realizado gestiones para estudiar si existe una forma de regular el aumento arbitrario de los precios de los pasajes a\u00e9reos\u201d. Agreg\u00f3 que es necesario citar al ministro de Transportes para poder abordar este tema.<\/p>\n\n\n\n<p>Las y los consejeros regionales agradecieron la invitaci\u00f3n realizada por la parlamentaria y tambi\u00e9n plantearon otras materias, entre ellas, el acceso a la salud y las largas filas de espera, el desarrollo portuario, el incentivo al turismo y el d\u00e9ficit de vivienda en la regi\u00f3n.<\/p>\n","protected":false},"excerpt":{"rendered":"<p>En representaci\u00f3n de todas las provincias participaron seis consejeros regionales junto al gobernador Jorge Flies en la comisi\u00f3n de Zonas Extremas de la C\u00e1mara. Al respecto, el representante de la&#8230; <a class=\"read-more\" href=\"https:\/\/www.radiopresidenteibanez.cl\/web\/consejeros-regionales-expusieron-ante-la-comision-de-zonas-extremas-de-la-camara-los-problemas-de-conectividad-de-magallanes\/\">Leer m\u00e1s<\/a><\/p>\n","protected":false},"author":2,"featured_media":35600,"comment_status":"closed","ping_status":"closed","sticky":false,"template":"","format":"standard","meta":{"footnotes":""},"categories":[1],"tags":[],"class_list":["post-35599","post","type-post","status-publish","format-standard","has-post-thumbnail","hentry","category-cronica"],"_links":{"self":[{"href":"https:\/\/www.radiopresidenteibanez.cl\/web\/wp-json\/wp\/v2\/posts\/35599","targetHints":{"allow":["GET"]}}],"collection":[{"href":"https:\/\/www.radiopresidenteibanez.cl\/web\/wp-json\/wp\/v2\/posts"}],"about":[{"href":"https:\/\/www.radiopresidenteibanez.cl\/web\/wp-json\/wp\/v2\/types\/post"}],"author":[{"embeddable":true,"href":"https:\/\/www.radiopresidenteibanez.cl\/web\/wp-json\/wp\/v2\/users\/2"}],"replies":[{"embeddable":true,"href":"https:\/\/www.radiopresidenteibanez.cl\/web\/wp-json\/wp\/v2\/comments?post=35599"}],"version-history":[{"count":0,"href":"https:\/\/www.radiopresidenteibanez.cl\/web\/wp-json\/wp\/v2\/posts\/35599\/revisions"}],"wp:featuredmedia":[{"embeddable":true,"href":"https:\/\/www.radiopresidenteibanez.cl\/web\/wp-json\/wp\/v2\/media\/35600"}],"wp:attachment":[{"href":"https:\/\/www.radiopresidenteibanez.cl\/web\/wp-json\/wp\/v2\/media?parent=35599"}],"wp:term":[{"taxonomy":"category","embeddable":true,"href":"https:\/\/www.radiopresidenteibanez.cl\/web\/wp-json\/wp\/v2\/categories?post=35599"},{"taxonomy":"post_tag","embeddable":true,"href":"https:\/\/www.radiopresidenteibanez.cl\/web\/wp-json\/wp\/v2\/tags?post=35599"}],"curies":[{"name":"wp","href":"https:\/\/api.w.org\/{rel}","templated":true}]}}