{"id":35593,"date":"2022-12-14T16:34:00","date_gmt":"2022-12-14T19:34:00","guid":{"rendered":"https:\/\/www.radiopresidenteibanez.cl\/web\/?p=35593"},"modified":"2022-12-14T15:20:20","modified_gmt":"2022-12-14T18:20:20","slug":"recuerda-el-cierre-del-periodo-masivo-de-inscripciones-2023-para-los-jardines-de-la-junji-termina-el-viernes-16-de-diciembre","status":"publish","type":"post","link":"https:\/\/www.radiopresidenteibanez.cl\/web\/recuerda-el-cierre-del-periodo-masivo-de-inscripciones-2023-para-los-jardines-de-la-junji-termina-el-viernes-16-de-diciembre\/","title":{"rendered":"<strong>\u00a1Recuerda! El cierre del per\u00edodo masivo de inscripciones 2023 para los jardines de la JUNJI termina el viernes 16 de diciembre<\/strong>"},"content":{"rendered":"\n<p>El proceso de inscripciones a los jardines infantiles p\u00fablicos y gratuitos del Estado de Chile, de la Junta Nacional de Jardines Infantiles (JUNJI), se desarrollar\u00e1 hasta el viernes 16 de diciembre de 2022, a las 17:30 horas, principalmente a trav\u00e9s de la plataforma digital del Sistema inform\u00e1tico de Inscripci\u00f3n y Matr\u00edcula (SIM) en el sitio web&nbsp;<a href=\"http:\/\/www.junji.cl\">www.junji.cl<\/a>&nbsp;(bot\u00f3n \u201c<a href=\"https:\/\/junji.cl\/postulaciones\/\">Postula a un jard\u00edn infantil<\/a>\u201d) o en<a href=\"http:\/\/simonline.junji.gob.cl\/\">&nbsp;http:\/\/simonline.junji.gob.cl<\/a>.<\/p>\n\n\n\n<p>Se puede postular tambi\u00e9n directamente en el jard\u00edn infantil de preferencia o a trav\u00e9s del Sistema Integral de Informaci\u00f3n y Atenci\u00f3n Ciudadana (SIAC) de la JUNJI. Es recomendable que las familias est\u00e9n inscritas en el&nbsp;<a href=\"https:\/\/www.registrosocial.gob.cl\/ingreso-al-registro-social-de-hogares\">Registro Social de Hogares<\/a>&nbsp;(RSH) y que las ni\u00f1as y los ni\u00f1os posean Rol \u00danico Nacional (RUN) o&nbsp;<a href=\"https:\/\/www.youtube.com\/shorts\/b7967yl42s8\" target=\"_blank\" rel=\"noreferrer noopener\">Identificador Provisorio Escolar<\/a> (IPE). En el caso que sean extranjeros y no posean identificaci\u00f3n, deber\u00e1n solicitar un IPE por medio del SIAC de la JUNJI o directamente en el establecimiento educacional.<\/p>\n\n\n\n<p>Una vez concluido el periodo de inscripciones, se realiza la priorizaci\u00f3n, etapa que se extiende entre el 19 y el 23 de diciembre. Para esto, se consideran situaciones de vulnerabilidad, establecidas previamente y el tramo de calificaci\u00f3n socioecon\u00f3mica en el RSH. En tanto, el periodo de matr\u00edcula se realizar\u00e1 entre el 28 de diciembre de 2022 y el 13 de enero de 2023.<\/p>\n\n\n\n<p>La educaci\u00f3n y el bienestar integral son un derecho humano. En los jardines infantiles hay equipos educativos preparados que dise\u00f1an y llevan a cabo diversas estrategias para entregar experiencias pedag\u00f3gicas que ser\u00e1n significativas para la ni\u00f1ez, en la medida que asistan frecuentemente y aprendan por medio del juego a socializar, adquirir h\u00e1bitos y valores como el respeto, la buena convivencia y compartir.<\/p>\n","protected":false},"excerpt":{"rendered":"<p>El proceso de inscripciones a los jardines infantiles p\u00fablicos y gratuitos del Estado de Chile, de la Junta Nacional de Jardines Infantiles (JUNJI), se desarrollar\u00e1 hasta el viernes 16 de&#8230; <a class=\"read-more\" href=\"https:\/\/www.radiopresidenteibanez.cl\/web\/recuerda-el-cierre-del-periodo-masivo-de-inscripciones-2023-para-los-jardines-de-la-junji-termina-el-viernes-16-de-diciembre\/\">Leer m\u00e1s<\/a><\/p>\n","protected":false},"author":2,"featured_media":35594,"comment_status":"closed","ping_status":"closed","sticky":false,"template":"","format":"standard","meta":{"footnotes":""},"categories":[1],"tags":[],"class_list":["post-35593","post","type-post","status-publish","format-standard","has-post-thumbnail","hentry","category-cronica"],"_links":{"self":[{"href":"https:\/\/www.radiopresidenteibanez.cl\/web\/wp-json\/wp\/v2\/posts\/35593","targetHints":{"allow":["GET"]}}],"collection":[{"href":"https:\/\/www.radiopresidenteibanez.cl\/web\/wp-json\/wp\/v2\/posts"}],"about":[{"href":"https:\/\/www.radiopresidenteibanez.cl\/web\/wp-json\/wp\/v2\/types\/post"}],"author":[{"embeddable":true,"href":"https:\/\/www.radiopresidenteibanez.cl\/web\/wp-json\/wp\/v2\/users\/2"}],"replies":[{"embeddable":true,"href":"https:\/\/www.radiopresidenteibanez.cl\/web\/wp-json\/wp\/v2\/comments?post=35593"}],"version-history":[{"count":0,"href":"https:\/\/www.radiopresidenteibanez.cl\/web\/wp-json\/wp\/v2\/posts\/35593\/revisions"}],"wp:featuredmedia":[{"embeddable":true,"href":"https:\/\/www.radiopresidenteibanez.cl\/web\/wp-json\/wp\/v2\/media\/35594"}],"wp:attachment":[{"href":"https:\/\/www.radiopresidenteibanez.cl\/web\/wp-json\/wp\/v2\/media?parent=35593"}],"wp:term":[{"taxonomy":"category","embeddable":true,"href":"https:\/\/www.radiopresidenteibanez.cl\/web\/wp-json\/wp\/v2\/categories?post=35593"},{"taxonomy":"post_tag","embeddable":true,"href":"https:\/\/www.radiopresidenteibanez.cl\/web\/wp-json\/wp\/v2\/tags?post=35593"}],"curies":[{"name":"wp","href":"https:\/\/api.w.org\/{rel}","templated":true}]}}