{"id":35574,"date":"2022-12-14T09:35:00","date_gmt":"2022-12-14T12:35:00","guid":{"rendered":"https:\/\/www.radiopresidenteibanez.cl\/web\/?p=35574"},"modified":"2022-12-14T08:40:38","modified_gmt":"2022-12-14T11:40:38","slug":"exitosa-convocatoria-tuvo-el-seminario-a-20-anos-de-la-reforma-procesal-penal-en-magallanes-avances-y-desafios","status":"publish","type":"post","link":"https:\/\/www.radiopresidenteibanez.cl\/web\/exitosa-convocatoria-tuvo-el-seminario-a-20-anos-de-la-reforma-procesal-penal-en-magallanes-avances-y-desafios\/","title":{"rendered":"EXITOSA CONVOCATORIA TUVO EL SEMINARIO \u201cA 20 A\u00d1OS DE LA REFORMA PROCESAL PENAL EN MAGALLANES, AVANCES Y DESAF\u00cdOS\u201d"},"content":{"rendered":"\n<p>Finaliz\u00f3 el \u00faltimo d\u00eda del seminario \u201cA 20 a\u00f1os de la<br>Reforma Procesal Penal en Magallanes, Avances y Desaf\u00edos\u201d en el auditorio CADI UMAG, donde<br>centenares de profesionales entre jueces, fiscales y defensores se reunieron \u2013 hoy- para ser parte<br>de las exposiciones del defensor nacional, Carlos Mora, la ministra Caroline Turner, el profesor de<br>derecho de la UDP, Cristi\u00e1n Riego, el jefe de estudios de la DPP, Pablo Aranda, y el ex defensor<br>nacional, Andr\u00e9s Manhke. \u201cExpuse sobre el cumplimiento de las expectativas de lo justiciable en la<br>Reforma Procesal Penal, y los motivos, ya que muchas veces esas expectativas no se entienden<br>como cumplidas, por factores que son ajenos al contenido de la reforma, de su mensaje\u201d,<br>coment\u00f3 la ministra Turner.<br>Por su parte el defensor nacional, Carlos Mora Jano, evalu\u00f3 el seminario como \u201cextraordinario,<br>muy bien organizado, excelentes expositores, panelistas y con una asistencia al seminario de<br>verdad envidiable, incluso en la Regi\u00f3n Metropolitana, de verdad estoy sorprendido por la<br>cantidad de asistentes que tuvo el seminario, los temas fueron contingentes con un nivel alto en el<br>debate. Solo felicitar a los organizadores, la Corte de Apelaciones de Punta Arenas, el Ministerio<br>P\u00fablico y la Defensor\u00eda Penal P\u00fablica de esta hermosa regi\u00f3n por este magno evento\u201d, enfatiz\u00f3.<br>Adem\u00e1s, al finalizar el evento, el ministro de la Corte Suprema, Manuel Antonio Valderrama, dijo<br>que \u201cel Poder Judicial ha respondido muy bien en los tribunales de garant\u00eda, y en los tribunales<br>orales que son las nuevas institucionalidades que surgieron por la Reforma Procesal Penal, de<br>modo que uno puede decir como ministro que se siente satisfecho por la labor que hacen los<br>tribunales, la Defensor\u00eda ha sido bastante elogiada por cuanto a su rol y la Fiscal\u00eda como ente<br>persecutor ha demostrado ser lo suficientemente productivo en la persecuci\u00f3n penal\u201d, finaliz\u00f3.<\/p>\n","protected":false},"excerpt":{"rendered":"<p>Finaliz\u00f3 el \u00faltimo d\u00eda del seminario \u201cA 20 a\u00f1os de laReforma Procesal Penal en Magallanes, Avances y Desaf\u00edos\u201d en el auditorio CADI UMAG, dondecentenares de profesionales entre jueces, fiscales y&#8230; <a class=\"read-more\" href=\"https:\/\/www.radiopresidenteibanez.cl\/web\/exitosa-convocatoria-tuvo-el-seminario-a-20-anos-de-la-reforma-procesal-penal-en-magallanes-avances-y-desafios\/\">Leer m\u00e1s<\/a><\/p>\n","protected":false},"author":2,"featured_media":35575,"comment_status":"closed","ping_status":"closed","sticky":false,"template":"","format":"standard","meta":{"footnotes":""},"categories":[1],"tags":[],"class_list":["post-35574","post","type-post","status-publish","format-standard","has-post-thumbnail","hentry","category-cronica"],"_links":{"self":[{"href":"https:\/\/www.radiopresidenteibanez.cl\/web\/wp-json\/wp\/v2\/posts\/35574","targetHints":{"allow":["GET"]}}],"collection":[{"href":"https:\/\/www.radiopresidenteibanez.cl\/web\/wp-json\/wp\/v2\/posts"}],"about":[{"href":"https:\/\/www.radiopresidenteibanez.cl\/web\/wp-json\/wp\/v2\/types\/post"}],"author":[{"embeddable":true,"href":"https:\/\/www.radiopresidenteibanez.cl\/web\/wp-json\/wp\/v2\/users\/2"}],"replies":[{"embeddable":true,"href":"https:\/\/www.radiopresidenteibanez.cl\/web\/wp-json\/wp\/v2\/comments?post=35574"}],"version-history":[{"count":0,"href":"https:\/\/www.radiopresidenteibanez.cl\/web\/wp-json\/wp\/v2\/posts\/35574\/revisions"}],"wp:featuredmedia":[{"embeddable":true,"href":"https:\/\/www.radiopresidenteibanez.cl\/web\/wp-json\/wp\/v2\/media\/35575"}],"wp:attachment":[{"href":"https:\/\/www.radiopresidenteibanez.cl\/web\/wp-json\/wp\/v2\/media?parent=35574"}],"wp:term":[{"taxonomy":"category","embeddable":true,"href":"https:\/\/www.radiopresidenteibanez.cl\/web\/wp-json\/wp\/v2\/categories?post=35574"},{"taxonomy":"post_tag","embeddable":true,"href":"https:\/\/www.radiopresidenteibanez.cl\/web\/wp-json\/wp\/v2\/tags?post=35574"}],"curies":[{"name":"wp","href":"https:\/\/api.w.org\/{rel}","templated":true}]}}