{"id":35571,"date":"2022-12-14T08:35:44","date_gmt":"2022-12-14T11:35:44","guid":{"rendered":"https:\/\/www.radiopresidenteibanez.cl\/web\/?p=35571"},"modified":"2022-12-14T08:35:52","modified_gmt":"2022-12-14T11:35:52","slug":"se-efectuo-lanzamiento-de-la-xx-version-del-asado-mas-grande-de-tierra-del-fuego","status":"publish","type":"post","link":"https:\/\/www.radiopresidenteibanez.cl\/web\/se-efectuo-lanzamiento-de-la-xx-version-del-asado-mas-grande-de-tierra-del-fuego\/","title":{"rendered":"SE EFECTUO LANZAMIENTO DE LA XX VERSION  DEL \u00abASADO MAS GRANDE DE TIERRA DEL FUEGO\u00bb"},"content":{"rendered":"\n<p>Con una buena cantidad de asistentes al sal\u00f3n de exposiciones del museo provincial de<br>Porvenir se desarroll\u00f3 este martes 13 de diciembre, el lanzamiento oficial de una de las<br>fiestas populares m\u00e1s esperadas por todos lo fueguinos como lo es el \u201cAsado m\u00e1s Grande<br>de Tierra del Fuego\u201d el cual retorna a la programaci\u00f3n de actividades del verano en la<br>comuna luego de dos a\u00f1os en que no se pudo realizar debido a la pandemia.<br>En ocasi\u00f3n fue el alcalde de la comuna Jos\u00e9 Gabriel Parada quien dio la bienvenida a los<br>presentes acompa\u00f1ado de los concejales Luz Mar\u00eda Arrizaga, Claudia C\u00e1rcamo, Oscar<br>Andrade y Daniel Maldonado, m\u00e1s adelante la autoridad comunal dijo que el evento se<br>desarrollar\u00e1 el d\u00eda s\u00e1bado 4 de Febrero de 2023 en el club de Jineteada Jos\u00e9 Mario Andrade<br>Km. 2.5 interior camino al Cord\u00f3n Baquedano, agregando que a\u00fan faltan algunos temas por<br>afinar como lo es la parrilla de artistas ya que eso se ver\u00e1 durante la primera semana del<br>mes de enero, como as\u00ed mismo a\u00fan se desconoce de cu\u00e1nto ser\u00e1 el monto que aportara al<br>evento el gobierno regional, por otra parte dijo que se espera contar con un numero art\u00edstico<br>de car\u00e1cter nacional y tambi\u00e9n regionales no queriendo adelantar ning\u00fan nombre por ahora.<br>Sobre los inscritos hasta este momento se\u00f1alo que hay 18 equipos de Porvenir, uno de<br>Timaukel, uno de Primavera, seis de Rio grande, Seis de Ushuaia y tres de Tolhuin, treinta<br>y cinco equipos que competir\u00e1n por el mejor asado en categor\u00eda parado y tendido, cada<br>equipo tendr\u00e1 que cocinar cinco corderos y las inscripciones vencen el 13 de Enero de 2023<br>a las 12.00 horas, sobre el valor de la porci\u00f3n de asado manifest\u00f3 que este estar\u00e1 en el orden<br>de los diez mil pesos pero que tambi\u00e9n se evaluar\u00e1 en su momento y las personas que solo<br>quieran asistir a mirar el show la entrada ser\u00e1 gratuita.<br>Seguidamente el coordinador del asado 2023 Cristian Barrientos \u00c1guila, fue el encargado<br>de dar a conocer los alcances de las bases, respondiendo toda clase de consultas de los<br>futuros participantes como as\u00ed mismo de emprendedores que se instalaran ese d\u00eda a vender<br>todo tipo de productos tanto comestibles como de artesan\u00eda, puntualizando que las bases<br>podr\u00e1n ser descargadas desde el sitio web municipal www.muniporvenir.cl o solicitarlas en<br>la misma municipalidad.<br>Este jueves y viernes se efectuar\u00e1 en lanzamiento e invitaci\u00f3n a participar en las ciudades<br>Argentinas de Ushuaia, Tolhuin y R\u00edo Grande de donde se espera llegu\u00e9 una gran cantidad<br>de visitantes a esta fiesta popular como los la XX Versi\u00f3n del Asado Mas Grande de Tierra<br>del Fuego el s\u00e1bado 4 de Febrero en la comuna de Porvenir.<\/p>\n","protected":false},"excerpt":{"rendered":"<p>Con una buena cantidad de asistentes al sal\u00f3n de exposiciones del museo provincial dePorvenir se desarroll\u00f3 este martes 13 de diciembre, el lanzamiento oficial de una de lasfiestas populares m\u00e1s&#8230; <a class=\"read-more\" href=\"https:\/\/www.radiopresidenteibanez.cl\/web\/se-efectuo-lanzamiento-de-la-xx-version-del-asado-mas-grande-de-tierra-del-fuego\/\">Leer m\u00e1s<\/a><\/p>\n","protected":false},"author":2,"featured_media":35572,"comment_status":"closed","ping_status":"closed","sticky":false,"template":"","format":"standard","meta":{"footnotes":""},"categories":[1],"tags":[],"class_list":["post-35571","post","type-post","status-publish","format-standard","has-post-thumbnail","hentry","category-cronica"],"_links":{"self":[{"href":"https:\/\/www.radiopresidenteibanez.cl\/web\/wp-json\/wp\/v2\/posts\/35571","targetHints":{"allow":["GET"]}}],"collection":[{"href":"https:\/\/www.radiopresidenteibanez.cl\/web\/wp-json\/wp\/v2\/posts"}],"about":[{"href":"https:\/\/www.radiopresidenteibanez.cl\/web\/wp-json\/wp\/v2\/types\/post"}],"author":[{"embeddable":true,"href":"https:\/\/www.radiopresidenteibanez.cl\/web\/wp-json\/wp\/v2\/users\/2"}],"replies":[{"embeddable":true,"href":"https:\/\/www.radiopresidenteibanez.cl\/web\/wp-json\/wp\/v2\/comments?post=35571"}],"version-history":[{"count":0,"href":"https:\/\/www.radiopresidenteibanez.cl\/web\/wp-json\/wp\/v2\/posts\/35571\/revisions"}],"wp:featuredmedia":[{"embeddable":true,"href":"https:\/\/www.radiopresidenteibanez.cl\/web\/wp-json\/wp\/v2\/media\/35572"}],"wp:attachment":[{"href":"https:\/\/www.radiopresidenteibanez.cl\/web\/wp-json\/wp\/v2\/media?parent=35571"}],"wp:term":[{"taxonomy":"category","embeddable":true,"href":"https:\/\/www.radiopresidenteibanez.cl\/web\/wp-json\/wp\/v2\/categories?post=35571"},{"taxonomy":"post_tag","embeddable":true,"href":"https:\/\/www.radiopresidenteibanez.cl\/web\/wp-json\/wp\/v2\/tags?post=35571"}],"curies":[{"name":"wp","href":"https:\/\/api.w.org\/{rel}","templated":true}]}}