{"id":3556,"date":"2019-04-20T23:55:19","date_gmt":"2019-04-20T23:55:19","guid":{"rendered":"http:\/\/www.radiopresidenteibanez.cl\/web\/?p=3556"},"modified":"2019-04-20T23:56:45","modified_gmt":"2019-04-20T23:56:45","slug":"persona-fue-encontrada-sin-vida-al-interior-de-vivienda-en-punta-arenas","status":"publish","type":"post","link":"https:\/\/www.radiopresidenteibanez.cl\/web\/persona-fue-encontrada-sin-vida-al-interior-de-vivienda-en-punta-arenas\/","title":{"rendered":"PERSONA FUE ENCONTRADA SIN VIDA AL INTERIOR DE VIVIENDA EN PUNTA ARENAS"},"content":{"rendered":"\n<p>En horas de esta noche (s\u00e1bado, 20 abril) personal de Carabineros debi\u00f3 concurrir hasta una vivienda ubicada en calle Eladio Aguero en la poblaci\u00f3n Nelda Paniccuci, en la oportunidad un hombre fue encontrado sin vida con heridas por arma blanca en el abdomen, por lo que se tratar\u00eda de un homicidio.<\/p>\n\n\n\n<p>Hasta el momento (20:45 horas) no existen personas detenidas.<\/p>\n\n\n\n<figure class=\"wp-block-image\"><img loading=\"lazy\" decoding=\"async\" width=\"730\" height=\"350\" src=\"http:\/\/www.radiopresidenteibanez.cl\/web\/wp-content\/uploads\/2019\/02\/carabineros-chaleco-back.jpg\" alt=\"\" class=\"wp-image-1617\" srcset=\"https:\/\/www.radiopresidenteibanez.cl\/web\/wp-content\/uploads\/2019\/02\/carabineros-chaleco-back.jpg 730w, https:\/\/www.radiopresidenteibanez.cl\/web\/wp-content\/uploads\/2019\/02\/carabineros-chaleco-back-300x144.jpg 300w\" sizes=\"auto, (max-width: 730px) 100vw, 730px\" \/><\/figure>\n","protected":false},"excerpt":{"rendered":"<p>En horas de esta noche (s\u00e1bado, 20 abril) personal de Carabineros debi\u00f3 concurrir hasta una vivienda ubicada en calle Eladio Aguero en la poblaci\u00f3n Nelda Paniccuci, en la oportunidad un&#8230; <a class=\"read-more\" href=\"https:\/\/www.radiopresidenteibanez.cl\/web\/persona-fue-encontrada-sin-vida-al-interior-de-vivienda-en-punta-arenas\/\">Leer m\u00e1s<\/a><\/p>\n","protected":false},"author":2,"featured_media":1617,"comment_status":"closed","ping_status":"closed","sticky":false,"template":"","format":"standard","meta":{"footnotes":""},"categories":[6],"tags":[],"class_list":["post-3556","post","type-post","status-publish","format-standard","has-post-thumbnail","hentry","category-policial"],"_links":{"self":[{"href":"https:\/\/www.radiopresidenteibanez.cl\/web\/wp-json\/wp\/v2\/posts\/3556","targetHints":{"allow":["GET"]}}],"collection":[{"href":"https:\/\/www.radiopresidenteibanez.cl\/web\/wp-json\/wp\/v2\/posts"}],"about":[{"href":"https:\/\/www.radiopresidenteibanez.cl\/web\/wp-json\/wp\/v2\/types\/post"}],"author":[{"embeddable":true,"href":"https:\/\/www.radiopresidenteibanez.cl\/web\/wp-json\/wp\/v2\/users\/2"}],"replies":[{"embeddable":true,"href":"https:\/\/www.radiopresidenteibanez.cl\/web\/wp-json\/wp\/v2\/comments?post=3556"}],"version-history":[{"count":0,"href":"https:\/\/www.radiopresidenteibanez.cl\/web\/wp-json\/wp\/v2\/posts\/3556\/revisions"}],"wp:featuredmedia":[{"embeddable":true,"href":"https:\/\/www.radiopresidenteibanez.cl\/web\/wp-json\/wp\/v2\/media\/1617"}],"wp:attachment":[{"href":"https:\/\/www.radiopresidenteibanez.cl\/web\/wp-json\/wp\/v2\/media?parent=3556"}],"wp:term":[{"taxonomy":"category","embeddable":true,"href":"https:\/\/www.radiopresidenteibanez.cl\/web\/wp-json\/wp\/v2\/categories?post=3556"},{"taxonomy":"post_tag","embeddable":true,"href":"https:\/\/www.radiopresidenteibanez.cl\/web\/wp-json\/wp\/v2\/tags?post=3556"}],"curies":[{"name":"wp","href":"https:\/\/api.w.org\/{rel}","templated":true}]}}