{"id":35549,"date":"2022-12-13T12:19:00","date_gmt":"2022-12-13T15:19:00","guid":{"rendered":"https:\/\/www.radiopresidenteibanez.cl\/web\/?p=35549"},"modified":"2022-12-13T09:52:40","modified_gmt":"2022-12-13T12:52:40","slug":"jorge-astudillo-munoz-coordinador-de-investigacion-de-la-facultad-de-derecho-unab-sede-vina-del-mar-el-nuevo-acuerdo-constitucional","status":"publish","type":"post","link":"https:\/\/www.radiopresidenteibanez.cl\/web\/jorge-astudillo-munoz-coordinador-de-investigacion-de-la-facultad-de-derecho-unab-sede-vina-del-mar-el-nuevo-acuerdo-constitucional\/","title":{"rendered":"Jorge Astudillo Mu\u00f1oz, Coordinador de Investigaci\u00f3n de la Facultad de Derecho, UNAB Sede Vi\u00f1a del Mar. El Nuevo Acuerdo Constitucional"},"content":{"rendered":"\n<p>La madrugada del 15 de noviembre de 2020 los partidos pol\u00edticos democr\u00e1ticos lograron un<br>hist\u00f3rico \u00abAcuerdo por la paz y la nueva Constituci\u00f3n\u00bb. En momentos complejos para el pa\u00eds, en<br>medio de una violencia inusual en democracia, con algunas fuerzas decididas a poner t\u00e9rmino<br>anticipado al Gobierno de Pi\u00f1era seg\u00fan las palabras de Sergio Micco, ex Director del INDH, este<br>acuerdo pol\u00edtico signific\u00f3 el rescate de la democracia y el inicio de un proceso constituyente<br>buscado por amplios sectores pol\u00edticos. Por distintas causas, que no traeremos a colaci\u00f3n en esta<br>oportunidad, este proceso constituyente culmin\u00f3 el 4 de septiembre de 2022 con un contundente<br>triunfo de la opci\u00f3n rechazo, descart\u00e1ndose por parte del electorado la propuesta de la<br>Convenci\u00f3n Constitucional.<br>A pesar de lo dispuesto expresamente en el art. 142 de la Constituci\u00f3n que dispone que \u00absi la<br>cuesti\u00f3n planteada al electorado en el plebiscito ratificatorio fuere rechazada, continuar\u00e1 vigente<br>la presente Constituci\u00f3n\u00bb el sistema pol\u00edtico y la ciudadan\u00eda en forma mayoritaria estimaron que la<br>Constituci\u00f3n vigente cumpli\u00f3 su ciclo y que por tanto se debe iniciar un nuevo proceso<br>constituyente. Las negociaciones para cristalizar este nuevo acuerdo no estuvieron marcadas por<br>la violencia que viv\u00eda Chile en medio del estallido social del 2019 y s\u00ed por el aplastante triunfo del<br>rechazo. Este nuevo contexto pol\u00edtico hizo que los negociadores tardar\u00e1n m\u00e1s de tres meses en<br>dar forma a este nuevo \u00abAcuerdo por Chile\u00bb que da lugar a un proceso constituyente totalmente<br>distinto al fracasado proceso anterior.<br>Este Acuerdo constitucional se estructura en cuatro puntos: i) Bases Constitucional, ii) \u00d3rganos del<br>Proceso Constitucional, iii) Plebiscito Ratificatorio. La lectura de estos cuatro puntos, en especial<br>del destinado a Bases Constitucionales, permite concluir que este acuerdo significa una gran<br>derrota pol\u00edtica e ideol\u00f3gica de los sectores de la izquierda m\u00e1s radical que se impuso en la<br>Convenci\u00f3n Constitucional y que redactaron una propuesta repleta de normas in\u00e9ditas en el<br>sistema pol\u00edtico \u2013 constitucional chileno, rompiendo para mucho gran parte de los equilibrios<br>pol\u00edticos del Chile republicano. As\u00ed, la existencia de un congreso bicameral, la configuraci\u00f3n de un<br>poder judicial independiente y no como un mero servicio de justicia, la autonom\u00eda de la justicia<br>electoral, la forma de Estado Unitaria y el descarte de la plurinacionalidad, entre otros, permiten<br>concluir definitivamente un proceso que culmin\u00f3 con una propuesta que no logr\u00f3 convencer a la<br>gran mayor\u00eda de chilenos y chilenas.<br>El Acuerdo por Chile ha logrado un importante y transversal consenso entre las principales fuerzas<br>pol\u00edticas organizadas, da cuenta de la confluencia de voluntades que fueron capaces de ceder en<br>aras a un bien mayor y se hace cargo del deseo de una gran mayor\u00eda de ciudadanos y ciudadanas<br>(as\u00ed lo se\u00f1alan las encuestas y sondeos de opini\u00f3n conocidos con posteriores al 4\/9) en orden a<br>contar con una nueva Constituci\u00f3n sin cometer los errores y excesos de la primera experiencia<br>constituyente.<\/p>\n","protected":false},"excerpt":{"rendered":"<p>La madrugada del 15 de noviembre de 2020 los partidos pol\u00edticos democr\u00e1ticos lograron unhist\u00f3rico \u00abAcuerdo por la paz y la nueva Constituci\u00f3n\u00bb. En momentos complejos para el pa\u00eds, enmedio de&#8230; <a class=\"read-more\" href=\"https:\/\/www.radiopresidenteibanez.cl\/web\/jorge-astudillo-munoz-coordinador-de-investigacion-de-la-facultad-de-derecho-unab-sede-vina-del-mar-el-nuevo-acuerdo-constitucional\/\">Leer m\u00e1s<\/a><\/p>\n","protected":false},"author":2,"featured_media":35550,"comment_status":"closed","ping_status":"closed","sticky":false,"template":"","format":"standard","meta":{"footnotes":""},"categories":[1],"tags":[],"class_list":["post-35549","post","type-post","status-publish","format-standard","has-post-thumbnail","hentry","category-cronica"],"_links":{"self":[{"href":"https:\/\/www.radiopresidenteibanez.cl\/web\/wp-json\/wp\/v2\/posts\/35549","targetHints":{"allow":["GET"]}}],"collection":[{"href":"https:\/\/www.radiopresidenteibanez.cl\/web\/wp-json\/wp\/v2\/posts"}],"about":[{"href":"https:\/\/www.radiopresidenteibanez.cl\/web\/wp-json\/wp\/v2\/types\/post"}],"author":[{"embeddable":true,"href":"https:\/\/www.radiopresidenteibanez.cl\/web\/wp-json\/wp\/v2\/users\/2"}],"replies":[{"embeddable":true,"href":"https:\/\/www.radiopresidenteibanez.cl\/web\/wp-json\/wp\/v2\/comments?post=35549"}],"version-history":[{"count":0,"href":"https:\/\/www.radiopresidenteibanez.cl\/web\/wp-json\/wp\/v2\/posts\/35549\/revisions"}],"wp:featuredmedia":[{"embeddable":true,"href":"https:\/\/www.radiopresidenteibanez.cl\/web\/wp-json\/wp\/v2\/media\/35550"}],"wp:attachment":[{"href":"https:\/\/www.radiopresidenteibanez.cl\/web\/wp-json\/wp\/v2\/media?parent=35549"}],"wp:term":[{"taxonomy":"category","embeddable":true,"href":"https:\/\/www.radiopresidenteibanez.cl\/web\/wp-json\/wp\/v2\/categories?post=35549"},{"taxonomy":"post_tag","embeddable":true,"href":"https:\/\/www.radiopresidenteibanez.cl\/web\/wp-json\/wp\/v2\/tags?post=35549"}],"curies":[{"name":"wp","href":"https:\/\/api.w.org\/{rel}","templated":true}]}}