{"id":3551,"date":"2019-04-20T18:52:30","date_gmt":"2019-04-20T18:52:30","guid":{"rendered":"http:\/\/www.radiopresidenteibanez.cl\/web\/?p=3551"},"modified":"2019-04-20T18:52:43","modified_gmt":"2019-04-20T18:52:43","slug":"seremi-de-economia-visita-barrio-comercial-18-de-septiembre-para-difundir-beneficios-de-la-ley-de-pago-a-30-dias","status":"publish","type":"post","link":"https:\/\/www.radiopresidenteibanez.cl\/web\/seremi-de-economia-visita-barrio-comercial-18-de-septiembre-para-difundir-beneficios-de-la-ley-de-pago-a-30-dias\/","title":{"rendered":"SEREMI DE ECONOM\u00cdA VISITA BARRIO COMERCIAL 18 DE SEPTIEMBRE, PARA DIFUNDIR BENEFICIOS DE LA LEY DE PAGO A 30 D\u00cdAS"},"content":{"rendered":"\n<p>A menos de un mes de la entrada en vigencia de la nueva ley\nde pago a 30 d\u00edas, autoridades regionales visitaron emprendedores del Barrio\nComercial 18 de septiembre, en Punta Arenas. <\/p>\n\n\n\n<p>Este 16 de mayo entrar\u00e1 en vigencia la primera etapa de la\nley, en la cual las empresas tendr\u00e1n un plazo m\u00e1ximo de pago de facturas de 60\nd\u00edas y para las entidades p\u00fablicas de 30 d\u00edas (excepto sector salud, cenabast y\nmunicipios), para febrero 2021 se har\u00e1 efectivo el plazo de 30 d\u00edas para las\nempresas.<\/p>\n\n\n\n<p>En este contexto, el d\u00eda jueves 18 autoridades regionales,\nencabezadas por la Seremi de Econom\u00eda, Fomento y Turismo, Natalia Easton\ninformaron a los locatarios del Barrio 18, los beneficios que tendr\u00e1n esta\niniciativa en la administraci\u00f3n de sus negocios. Existir\u00e1 un mayor dinamismo,\nya que las pymes tendr\u00e1n capital de trabajo disponible para mantener o\nincrementar su producci\u00f3n y venta, por lo cual ser\u00e1 un aporte real y concreto\npara su gesti\u00f3n. <\/p>\n\n\n\n<p>Las autoridades visitaron diferentes locales, entre ellos, la\nreconocida Carnicer\u00eda \u201cEduardo\u201d y \u201cEl Rinc\u00f3n de la Espuma\u201d ambos negocios\nsocios del barrio comercial 18 de Sercotec Magallanes, con el objetivo de\npresentar los alcances de la ley y como se ver\u00e1n beneficiados, los locatarios\nagradecieron la instancia puesto que es necesario acercar a la ciudadana las\nnuevas regulaciones impulsadas por el gobierno y valoraron estas medidas que\nser\u00e1n de gran utilidad para la gesti\u00f3n de sus negocios.<\/p>\n\n\n\n<p>En este marco, la seremi de la cartera, comento que, \u201cesta iniciativa va acorde a los lineamientos que estableci\u00f3 el Presidente Sebasti\u00e1n Pi\u00f1era al inicio de su mandato, por lo mismo desde el ministerio econom\u00eda hemos impulsado con mucha fuerza, en la cual se beneficiar\u00e1 a un mill\u00f3n de peque\u00f1as, medianas y microempresas a nivel pa\u00eds. Hay que recalcar que la iniciativa, ya ha sido compartida por el ejecutivo con los gremios y asociaciones que ser\u00e1n beneficiadas por esta ley, desde el punto de vista local, nos hemos reunido con diferentes actores de nuestra econom\u00eda local\u201d.<\/p>\n\n\n\n<figure class=\"wp-block-image\"><img loading=\"lazy\" decoding=\"async\" width=\"616\" height=\"480\" src=\"http:\/\/www.radiopresidenteibanez.cl\/web\/wp-content\/uploads\/2019\/04\/IMG_7327.jpg\" alt=\"\" class=\"wp-image-3552\" srcset=\"https:\/\/www.radiopresidenteibanez.cl\/web\/wp-content\/uploads\/2019\/04\/IMG_7327.jpg 616w, https:\/\/www.radiopresidenteibanez.cl\/web\/wp-content\/uploads\/2019\/04\/IMG_7327-300x234.jpg 300w\" sizes=\"auto, (max-width: 616px) 100vw, 616px\" \/><\/figure>\n","protected":false},"excerpt":{"rendered":"<p>A menos de un mes de la entrada en vigencia de la nueva ley de pago a 30 d\u00edas, autoridades regionales visitaron emprendedores del Barrio Comercial 18 de septiembre, en&#8230; <a class=\"read-more\" href=\"https:\/\/www.radiopresidenteibanez.cl\/web\/seremi-de-economia-visita-barrio-comercial-18-de-septiembre-para-difundir-beneficios-de-la-ley-de-pago-a-30-dias\/\">Leer m\u00e1s<\/a><\/p>\n","protected":false},"author":2,"featured_media":3552,"comment_status":"closed","ping_status":"closed","sticky":false,"template":"","format":"standard","meta":{"footnotes":""},"categories":[1],"tags":[],"class_list":["post-3551","post","type-post","status-publish","format-standard","has-post-thumbnail","hentry","category-cronica"],"_links":{"self":[{"href":"https:\/\/www.radiopresidenteibanez.cl\/web\/wp-json\/wp\/v2\/posts\/3551","targetHints":{"allow":["GET"]}}],"collection":[{"href":"https:\/\/www.radiopresidenteibanez.cl\/web\/wp-json\/wp\/v2\/posts"}],"about":[{"href":"https:\/\/www.radiopresidenteibanez.cl\/web\/wp-json\/wp\/v2\/types\/post"}],"author":[{"embeddable":true,"href":"https:\/\/www.radiopresidenteibanez.cl\/web\/wp-json\/wp\/v2\/users\/2"}],"replies":[{"embeddable":true,"href":"https:\/\/www.radiopresidenteibanez.cl\/web\/wp-json\/wp\/v2\/comments?post=3551"}],"version-history":[{"count":0,"href":"https:\/\/www.radiopresidenteibanez.cl\/web\/wp-json\/wp\/v2\/posts\/3551\/revisions"}],"wp:featuredmedia":[{"embeddable":true,"href":"https:\/\/www.radiopresidenteibanez.cl\/web\/wp-json\/wp\/v2\/media\/3552"}],"wp:attachment":[{"href":"https:\/\/www.radiopresidenteibanez.cl\/web\/wp-json\/wp\/v2\/media?parent=3551"}],"wp:term":[{"taxonomy":"category","embeddable":true,"href":"https:\/\/www.radiopresidenteibanez.cl\/web\/wp-json\/wp\/v2\/categories?post=3551"},{"taxonomy":"post_tag","embeddable":true,"href":"https:\/\/www.radiopresidenteibanez.cl\/web\/wp-json\/wp\/v2\/tags?post=3551"}],"curies":[{"name":"wp","href":"https:\/\/api.w.org\/{rel}","templated":true}]}}