{"id":35489,"date":"2022-12-19T17:58:20","date_gmt":"2022-12-19T20:58:20","guid":{"rendered":"https:\/\/www.radiopresidenteibanez.cl\/web\/?p=35489"},"modified":"2022-12-19T17:58:27","modified_gmt":"2022-12-19T20:58:27","slug":"el-voluntariado-damas-de-celeste-entrega-ayuda-para-pacientes","status":"publish","type":"post","link":"https:\/\/www.radiopresidenteibanez.cl\/web\/el-voluntariado-damas-de-celeste-entrega-ayuda-para-pacientes\/","title":{"rendered":"EL VOLUNTARIADO DAMAS DE CELESTE ENTREGA AYUDA PARA PACIENTES"},"content":{"rendered":"\n<p>En el marco de los proyectos de 6% de FNDR del gobierno regional<br><br>M\u00e1s de 400 unidades en donaci\u00f3n entregaron las Damas de Celeste del Hospital Cl\u00ednico junto con la Red de Voluntariado regional \ud83e\udd29<br><br>\ud83d\udc4f Las donaciones se distribuyen en pa\u00f1ales, colchones antiescara, sabanillas, toallas h\u00famedas, espesantes, emulcionados, linoveras y andadores. Ser\u00e1n entregados a usuarios del programa de Hospitalizaci\u00f3n Domiciliaria, y se trata de una inversi\u00f3n superior a los 6 millones de pesos.<br>La trabajadora social del CR hospitalizsdos domiciliarios se\u00f1slo:<br>Gracias como siempre a las Damas de Celeste por su donaci\u00f3n la cual llegara a aquellos pacientes que m\u00e1s lo requieran del programa de Hospitalizaci\u00f3n Domiciliaria! Gracias como siempre a su presidenta Ines Vidal Andrade y Damas De Celeste Hcm por todo!.<\/p>\n\n\n\n<figure class=\"wp-block-image size-large\"><img loading=\"lazy\" decoding=\"async\" width=\"576\" height=\"1024\" src=\"https:\/\/www.radiopresidenteibanez.cl\/web\/wp-content\/uploads\/2022\/12\/1000016776-576x1024.jpg\" alt=\"\" class=\"wp-image-35746\" srcset=\"https:\/\/www.radiopresidenteibanez.cl\/web\/wp-content\/uploads\/2022\/12\/1000016776-576x1024.jpg 576w, https:\/\/www.radiopresidenteibanez.cl\/web\/wp-content\/uploads\/2022\/12\/1000016776-169x300.jpg 169w, https:\/\/www.radiopresidenteibanez.cl\/web\/wp-content\/uploads\/2022\/12\/1000016776-768x1365.jpg 768w, https:\/\/www.radiopresidenteibanez.cl\/web\/wp-content\/uploads\/2022\/12\/1000016776-864x1536.jpg 864w, https:\/\/www.radiopresidenteibanez.cl\/web\/wp-content\/uploads\/2022\/12\/1000016776-1152x2048.jpg 1152w, https:\/\/www.radiopresidenteibanez.cl\/web\/wp-content\/uploads\/2022\/12\/1000016776-scaled.jpg 1440w\" sizes=\"auto, (max-width: 576px) 100vw, 576px\" \/><\/figure>\n","protected":false},"excerpt":{"rendered":"<p>En el marco de los proyectos de 6% de FNDR del gobierno regional M\u00e1s de 400 unidades en donaci\u00f3n entregaron las Damas de Celeste del Hospital Cl\u00ednico junto con la&#8230; <a class=\"read-more\" href=\"https:\/\/www.radiopresidenteibanez.cl\/web\/el-voluntariado-damas-de-celeste-entrega-ayuda-para-pacientes\/\">Leer m\u00e1s<\/a><\/p>\n","protected":false},"author":2,"featured_media":35745,"comment_status":"closed","ping_status":"closed","sticky":false,"template":"","format":"standard","meta":{"footnotes":""},"categories":[1],"tags":[],"class_list":["post-35489","post","type-post","status-publish","format-standard","has-post-thumbnail","hentry","category-cronica"],"_links":{"self":[{"href":"https:\/\/www.radiopresidenteibanez.cl\/web\/wp-json\/wp\/v2\/posts\/35489","targetHints":{"allow":["GET"]}}],"collection":[{"href":"https:\/\/www.radiopresidenteibanez.cl\/web\/wp-json\/wp\/v2\/posts"}],"about":[{"href":"https:\/\/www.radiopresidenteibanez.cl\/web\/wp-json\/wp\/v2\/types\/post"}],"author":[{"embeddable":true,"href":"https:\/\/www.radiopresidenteibanez.cl\/web\/wp-json\/wp\/v2\/users\/2"}],"replies":[{"embeddable":true,"href":"https:\/\/www.radiopresidenteibanez.cl\/web\/wp-json\/wp\/v2\/comments?post=35489"}],"version-history":[{"count":0,"href":"https:\/\/www.radiopresidenteibanez.cl\/web\/wp-json\/wp\/v2\/posts\/35489\/revisions"}],"wp:featuredmedia":[{"embeddable":true,"href":"https:\/\/www.radiopresidenteibanez.cl\/web\/wp-json\/wp\/v2\/media\/35745"}],"wp:attachment":[{"href":"https:\/\/www.radiopresidenteibanez.cl\/web\/wp-json\/wp\/v2\/media?parent=35489"}],"wp:term":[{"taxonomy":"category","embeddable":true,"href":"https:\/\/www.radiopresidenteibanez.cl\/web\/wp-json\/wp\/v2\/categories?post=35489"},{"taxonomy":"post_tag","embeddable":true,"href":"https:\/\/www.radiopresidenteibanez.cl\/web\/wp-json\/wp\/v2\/tags?post=35489"}],"curies":[{"name":"wp","href":"https:\/\/api.w.org\/{rel}","templated":true}]}}