{"id":3548,"date":"2019-04-20T18:48:58","date_gmt":"2019-04-20T18:48:58","guid":{"rendered":"http:\/\/www.radiopresidenteibanez.cl\/web\/?p=3548"},"modified":"2019-04-20T18:49:12","modified_gmt":"2019-04-20T18:49:12","slug":"operacion-relampago-austral-pdi-detuvo-a-dos-dominicanos-investigados-por-microtrafico","status":"publish","type":"post","link":"https:\/\/www.radiopresidenteibanez.cl\/web\/operacion-relampago-austral-pdi-detuvo-a-dos-dominicanos-investigados-por-microtrafico\/","title":{"rendered":"OPERACI\u00d3N \u201cREL\u00c1MPAGO AUSTRAL\u201d: PDI DETUVO A DOS DOMINICANOS INVESTIGADOS POR MICROTR\u00c1FICO"},"content":{"rendered":"\n<p>Tres meses de indagaci\u00f3n y un trabajo de inteligencia policial por parte\ndel equipo Microtr\u00e1fico Cero, en coordinaci\u00f3n con la Fiscal\u00eda Local de Punta\nArenas, dieron como resultado la detenci\u00f3n de un hombre y una mujer de\nnacionalidad dominicana, investigados por comercializar droga en la ciudad.&nbsp; <\/p>\n\n\n\n<p>El comisario Patricio Flores, jefe de la Brigada Antinarc\u00f3ticos y Contra\nel Crimen Organizado Punta Arenas, explic\u00f3 que durante la investigaci\u00f3n\ndetectaron que una mujer comercializaba droga en forma constante a diferentes\nconsumidores en Punta Arenas. \u201cEl modus operandi que ella utilizaba era\ndesplazarse por tres inmuebles de la ciudad, que contaban con sofisticados\nsistemas de c\u00e1mara de vigilancia para no ser detectada. La forma de\ncomercializar el clorhidrato de coca\u00edna era previo acuerdo v\u00eda mensajer\u00eda\nWhatsapp\u201d. <\/p>\n\n\n\n<p>Los detectives, tras contar con las respectivas \u00f3rdenes de entrada y\nregistro, allanaron la madrugada de este jueves, tres inmuebles de manera\nsimult\u00e1nea. All\u00ed, detuvieron a una mujer de 42 a\u00f1os y un hombre de 47,\nimputados por el delito de tr\u00e1fico de droga en peque\u00f1as cantidades. Ambos\nciudadanos de nacionalidad dominicana se encontraban en condici\u00f3n irregular en el\npa\u00eds. <\/p>\n\n\n\n<p>En el procedimiento, el equipo MT-0 decomis\u00f3 18,3 gramos de clorhidrato\nde coca\u00edna, cuyas dosis eran vendidas a $20.000 cada una. De haber sido\ncomercializado el total de la droga, se hubiera obtenido m\u00e1s de medio mill\u00f3n de\npesos en ganancias il\u00edcitas. <\/p>\n\n\n\n<p>Adem\u00e1s, incautaron dinero en efectivo, balanzas, celulares, c\u00e1maras de\nvigilancia, cientos de comprimidos de Metamizol S\u00f3dico Monohidrato, Cafiaspirina\ny 360 gramos de creatina, estos \u00faltimos elementos seg\u00fan explic\u00f3 el jefe de la\nBrigada Antinarc\u00f3ticos Punta Arenas, habr\u00edan sido utilizados para abultar la\ncantidad de droga, en desmedro de su pureza. <\/p>\n\n\n\n<p>Tras la detenci\u00f3n, el equipo Microtr\u00e1fico Cero Punta Arenas logr\u00f3 neutralizar tres puntos de venta de droga en la capital magall\u00e1nica. Los detenidos, fueron puestos a disposici\u00f3n del Juzgado de Garant\u00eda de Punta Arenas.\u00a0 <\/p>\n\n\n\n<figure class=\"wp-block-image\"><img loading=\"lazy\" decoding=\"async\" width=\"640\" height=\"480\" src=\"http:\/\/www.radiopresidenteibanez.cl\/web\/wp-content\/uploads\/2019\/04\/IMG-0955.jpg\" alt=\"\" class=\"wp-image-3549\" srcset=\"https:\/\/www.radiopresidenteibanez.cl\/web\/wp-content\/uploads\/2019\/04\/IMG-0955.jpg 640w, https:\/\/www.radiopresidenteibanez.cl\/web\/wp-content\/uploads\/2019\/04\/IMG-0955-300x225.jpg 300w\" sizes=\"auto, (max-width: 640px) 100vw, 640px\" \/><\/figure>\n","protected":false},"excerpt":{"rendered":"<p>Tres meses de indagaci\u00f3n y un trabajo de inteligencia policial por parte del equipo Microtr\u00e1fico Cero, en coordinaci\u00f3n con la Fiscal\u00eda Local de Punta Arenas, dieron como resultado la detenci\u00f3n&#8230; <a class=\"read-more\" href=\"https:\/\/www.radiopresidenteibanez.cl\/web\/operacion-relampago-austral-pdi-detuvo-a-dos-dominicanos-investigados-por-microtrafico\/\">Leer m\u00e1s<\/a><\/p>\n","protected":false},"author":2,"featured_media":3549,"comment_status":"closed","ping_status":"closed","sticky":false,"template":"","format":"standard","meta":{"footnotes":""},"categories":[1],"tags":[],"class_list":["post-3548","post","type-post","status-publish","format-standard","has-post-thumbnail","hentry","category-cronica"],"_links":{"self":[{"href":"https:\/\/www.radiopresidenteibanez.cl\/web\/wp-json\/wp\/v2\/posts\/3548","targetHints":{"allow":["GET"]}}],"collection":[{"href":"https:\/\/www.radiopresidenteibanez.cl\/web\/wp-json\/wp\/v2\/posts"}],"about":[{"href":"https:\/\/www.radiopresidenteibanez.cl\/web\/wp-json\/wp\/v2\/types\/post"}],"author":[{"embeddable":true,"href":"https:\/\/www.radiopresidenteibanez.cl\/web\/wp-json\/wp\/v2\/users\/2"}],"replies":[{"embeddable":true,"href":"https:\/\/www.radiopresidenteibanez.cl\/web\/wp-json\/wp\/v2\/comments?post=3548"}],"version-history":[{"count":0,"href":"https:\/\/www.radiopresidenteibanez.cl\/web\/wp-json\/wp\/v2\/posts\/3548\/revisions"}],"wp:featuredmedia":[{"embeddable":true,"href":"https:\/\/www.radiopresidenteibanez.cl\/web\/wp-json\/wp\/v2\/media\/3549"}],"wp:attachment":[{"href":"https:\/\/www.radiopresidenteibanez.cl\/web\/wp-json\/wp\/v2\/media?parent=3548"}],"wp:term":[{"taxonomy":"category","embeddable":true,"href":"https:\/\/www.radiopresidenteibanez.cl\/web\/wp-json\/wp\/v2\/categories?post=3548"},{"taxonomy":"post_tag","embeddable":true,"href":"https:\/\/www.radiopresidenteibanez.cl\/web\/wp-json\/wp\/v2\/tags?post=3548"}],"curies":[{"name":"wp","href":"https:\/\/api.w.org\/{rel}","templated":true}]}}