{"id":35479,"date":"2022-12-11T09:50:00","date_gmt":"2022-12-11T12:50:00","guid":{"rendered":"https:\/\/www.radiopresidenteibanez.cl\/web\/?p=35479"},"modified":"2022-12-10T23:08:14","modified_gmt":"2022-12-11T02:08:14","slug":"ceremonia-de-reconocimiento-pace-2022","status":"publish","type":"post","link":"https:\/\/www.radiopresidenteibanez.cl\/web\/ceremonia-de-reconocimiento-pace-2022\/","title":{"rendered":"<strong>CEREMONIA DE RECONOCIMIENTO PACE 2022<\/strong>"},"content":{"rendered":"\n<p>El equipo de Acompa\u00f1amiento en la Educaci\u00f3n Superior del Programa de Acompa\u00f1amiento y Acceso Efectivo a la Educaci\u00f3n Superior (PACE) de la Universidad de Magallanes organiz\u00f3 una Ceremonia de Reconocimiento para los estudiantes de las generaciones 2020 y 2021 y tutores pares.<\/p>\n\n\n\n<p>Instancia que cont\u00f3 con la presencia de la Vicerrectora Acad\u00e9mica de la Universidad de Magallanes, Anah\u00ed C\u00e1rcamo, la Coordinadora AES PACE UMAG, Marlene Alvarado, estudiantes, tutores pares y equipo PACE.<\/p>\n\n\n\n<p>Donde se hizo entrega de un diploma a 9 estudiantes PACE y a 9 tutores pares.<\/p>\n\n\n\n<p>Con la finalidad de dar cierre a un a\u00f1o en que se volvi\u00f3 a la presencialidad y permiti\u00f3 conocer a los estudiantes, quienes han tenido altos y bajos, porque a pesar que la adaptaci\u00f3n no ha sido sencilla, han logrado avanzar en su educaci\u00f3n superior.<\/p>\n\n\n\n<p>Frente a esto, la Coordinadora AES PACE UMAG, Marlene Alvarado, expres\u00f3 que \u201cdespu\u00e9s de vivir la experiencia de tener que trabajar el acompa\u00f1amiento de manera obligatoria, por efecto de la pandemia, en forma online, ahora se valora el poder vernos las caras, poder compartir, reconocer a los estudiantes que han hecho la labor de tutores y a los estudiantes que reciben el apoyo, por lo que es un momento muy satisfactorio y sabemos que la vuelta a la presencialidad es maravillosa, porque creo que los estudiantes tienen otro tipo de motivaci\u00f3n para desarrollar sus estudios. Y con esta ceremonia estamos cerrando el 2022 y c\u00f3mo todos los a\u00f1os, el componente AES est\u00e1 trabajando y present\u00f3 hoy la programaci\u00f3n operativa con los hitos que nos exige el Ministerio de Educaci\u00f3n y que favorece a los estudiantes y es la misi\u00f3n, al igual que en los otros componentes. Adem\u00e1s seg\u00fan las estrategias que se han ido desarrollando en el tiempo, hemos evaluado si est\u00e1s favorecen a nuestros estudiantes y en ese marco hemos sacado buenos n\u00fameros, en el sentido de tener tazas de aprobaci\u00f3n que los favorecen en sus diferentes carreras\u201d.<\/p>\n\n\n\n<p>Por su parte, el tutor par desde el a\u00f1o 2018, Pablo Ampuero Dur\u00e1n, quien egres\u00f3 el a\u00f1o pasado de la carrera de Derecho y se encuentra preparando su examen de grado, deja el programa y dice que \u201cha sido una experiencia muy bonita y gratificante, sobre todo por el acompa\u00f1amiento a los estudiantes, que llegan con mucha dudas y uno se las va resolviendo y al mismo tiempo uno se va dando cuenta que es un apoyo fundamental en todo el proceso acad\u00e9mico de ellos, al menos los dos primeros a\u00f1os del programa y tengo sentimientos encontrados, por una parte contento por el resultado de los estudiantes, que han estado bastante bien y por el cari\u00f1o que uno tiene por este acompa\u00f1amiento, ya que siento que es una misi\u00f3n cumplida, pero por otra parte me voy con las ganas de seguir ayudando\u201d.<\/p>\n\n\n\n<p>Para finalizar los estudiantes de la generaci\u00f3n 2021, V\u00edctor Maldonado, de la carrera de Ingenier\u00eda en Construcci\u00f3n, se\u00f1al\u00f3 que \u201cmi paso por el programa ha sido muy bueno, me han ense\u00f1ado mucho para afrontar mi experiencia acad\u00e9mica y sobre todo en la organizaci\u00f3n de mis tiempos y m\u00e9todos de estudio, para as\u00ed responder seg\u00fan lo requerido en mi carrera\u201d y Jos\u00e9 Marcelo Oyarz\u00fan, alumno de la carrera de Pedagog\u00eda en Castellano, sostuvo que \u201cha sido muy grato principalmente por el acompa\u00f1amiento del psic\u00f3logo y tutor par, han sido muy provechosos estos dos a\u00f1os, a pesar de que el primero haya sido en pandemia, este segundo a\u00f1o mucho ha sido m\u00e1s normal, con m\u00e1s contacto con los compa\u00f1eros y de muchas experiencias, por lo que estoy muy agradecido del programa, es importante porque dan un acompa\u00f1amiento firme y entregan mayor seguridad\u201d.<\/p>\n","protected":false},"excerpt":{"rendered":"<p>El equipo de Acompa\u00f1amiento en la Educaci\u00f3n Superior del Programa de Acompa\u00f1amiento y Acceso Efectivo a la Educaci\u00f3n Superior (PACE) de la Universidad de Magallanes organiz\u00f3 una Ceremonia de Reconocimiento&#8230; <a class=\"read-more\" href=\"https:\/\/www.radiopresidenteibanez.cl\/web\/ceremonia-de-reconocimiento-pace-2022\/\">Leer m\u00e1s<\/a><\/p>\n","protected":false},"author":2,"featured_media":35480,"comment_status":"closed","ping_status":"closed","sticky":false,"template":"","format":"standard","meta":{"footnotes":""},"categories":[1],"tags":[],"class_list":["post-35479","post","type-post","status-publish","format-standard","has-post-thumbnail","hentry","category-cronica"],"_links":{"self":[{"href":"https:\/\/www.radiopresidenteibanez.cl\/web\/wp-json\/wp\/v2\/posts\/35479","targetHints":{"allow":["GET"]}}],"collection":[{"href":"https:\/\/www.radiopresidenteibanez.cl\/web\/wp-json\/wp\/v2\/posts"}],"about":[{"href":"https:\/\/www.radiopresidenteibanez.cl\/web\/wp-json\/wp\/v2\/types\/post"}],"author":[{"embeddable":true,"href":"https:\/\/www.radiopresidenteibanez.cl\/web\/wp-json\/wp\/v2\/users\/2"}],"replies":[{"embeddable":true,"href":"https:\/\/www.radiopresidenteibanez.cl\/web\/wp-json\/wp\/v2\/comments?post=35479"}],"version-history":[{"count":0,"href":"https:\/\/www.radiopresidenteibanez.cl\/web\/wp-json\/wp\/v2\/posts\/35479\/revisions"}],"wp:featuredmedia":[{"embeddable":true,"href":"https:\/\/www.radiopresidenteibanez.cl\/web\/wp-json\/wp\/v2\/media\/35480"}],"wp:attachment":[{"href":"https:\/\/www.radiopresidenteibanez.cl\/web\/wp-json\/wp\/v2\/media?parent=35479"}],"wp:term":[{"taxonomy":"category","embeddable":true,"href":"https:\/\/www.radiopresidenteibanez.cl\/web\/wp-json\/wp\/v2\/categories?post=35479"},{"taxonomy":"post_tag","embeddable":true,"href":"https:\/\/www.radiopresidenteibanez.cl\/web\/wp-json\/wp\/v2\/tags?post=35479"}],"curies":[{"name":"wp","href":"https:\/\/api.w.org\/{rel}","templated":true}]}}