{"id":35476,"date":"2022-12-10T18:55:00","date_gmt":"2022-12-10T21:55:00","guid":{"rendered":"https:\/\/www.radiopresidenteibanez.cl\/web\/?p=35476"},"modified":"2022-12-10T17:00:32","modified_gmt":"2022-12-10T20:00:32","slug":"ministro-de-la-corte-suprema-llegara-a-punta-arenas-para-el-seminario-a-20-anos-de-la-reforma-procesal-penal-en-magallanes","status":"publish","type":"post","link":"https:\/\/www.radiopresidenteibanez.cl\/web\/ministro-de-la-corte-suprema-llegara-a-punta-arenas-para-el-seminario-a-20-anos-de-la-reforma-procesal-penal-en-magallanes\/","title":{"rendered":"<strong>MINISTRO DE LA CORTE SUPREMA LLEGAR\u00c1 A PUNTA ARENAS PARA EL\u00a0 SEMINARIO \u201cA 20 A\u00d1OS DE LA REFORMA PROCESAL PENAL EN MAGALLANES\u201d<\/strong>"},"content":{"rendered":"\n<p>Este domingo llegar\u00e1 hasta Punta Arenas, el ministro de la Excma. Corte Suprema, Manuel Antonio Valderrama, para ser parte del Seminario \u201cA 20 a\u00f1os de la Reforma Procesal Penal en Magallanes, Avances y Desaf\u00edos\u201d, actividad organizada por la Corte de Apelaciones de Punta Arenas,&nbsp;&nbsp;la&nbsp; Fiscal\u00eda de Magallanes y de la Ant\u00e1rtica Chilena y la Defensor\u00eda Regional. Este evento se realizar\u00e1 el 12 y13 del presente mes desde las 15 a 17 horas, en el auditorio CADI UMAG.<\/p>\n\n\n\n<p>Adem\u00e1s, el d\u00eda martes, se reunir\u00e1 con el alcalde, Claudio Radonich, para un saludo protocolar.<\/p>\n","protected":false},"excerpt":{"rendered":"<p>Este domingo llegar\u00e1 hasta Punta Arenas, el ministro de la Excma. Corte Suprema, Manuel Antonio Valderrama, para ser parte del Seminario \u201cA 20 a\u00f1os de la Reforma Procesal Penal en&#8230; <a class=\"read-more\" href=\"https:\/\/www.radiopresidenteibanez.cl\/web\/ministro-de-la-corte-suprema-llegara-a-punta-arenas-para-el-seminario-a-20-anos-de-la-reforma-procesal-penal-en-magallanes\/\">Leer m\u00e1s<\/a><\/p>\n","protected":false},"author":2,"featured_media":35477,"comment_status":"closed","ping_status":"closed","sticky":false,"template":"","format":"standard","meta":{"footnotes":""},"categories":[1],"tags":[],"class_list":["post-35476","post","type-post","status-publish","format-standard","has-post-thumbnail","hentry","category-cronica"],"_links":{"self":[{"href":"https:\/\/www.radiopresidenteibanez.cl\/web\/wp-json\/wp\/v2\/posts\/35476","targetHints":{"allow":["GET"]}}],"collection":[{"href":"https:\/\/www.radiopresidenteibanez.cl\/web\/wp-json\/wp\/v2\/posts"}],"about":[{"href":"https:\/\/www.radiopresidenteibanez.cl\/web\/wp-json\/wp\/v2\/types\/post"}],"author":[{"embeddable":true,"href":"https:\/\/www.radiopresidenteibanez.cl\/web\/wp-json\/wp\/v2\/users\/2"}],"replies":[{"embeddable":true,"href":"https:\/\/www.radiopresidenteibanez.cl\/web\/wp-json\/wp\/v2\/comments?post=35476"}],"version-history":[{"count":0,"href":"https:\/\/www.radiopresidenteibanez.cl\/web\/wp-json\/wp\/v2\/posts\/35476\/revisions"}],"wp:featuredmedia":[{"embeddable":true,"href":"https:\/\/www.radiopresidenteibanez.cl\/web\/wp-json\/wp\/v2\/media\/35477"}],"wp:attachment":[{"href":"https:\/\/www.radiopresidenteibanez.cl\/web\/wp-json\/wp\/v2\/media?parent=35476"}],"wp:term":[{"taxonomy":"category","embeddable":true,"href":"https:\/\/www.radiopresidenteibanez.cl\/web\/wp-json\/wp\/v2\/categories?post=35476"},{"taxonomy":"post_tag","embeddable":true,"href":"https:\/\/www.radiopresidenteibanez.cl\/web\/wp-json\/wp\/v2\/tags?post=35476"}],"curies":[{"name":"wp","href":"https:\/\/api.w.org\/{rel}","templated":true}]}}