{"id":35473,"date":"2022-12-10T17:41:00","date_gmt":"2022-12-10T20:41:00","guid":{"rendered":"https:\/\/www.radiopresidenteibanez.cl\/web\/?p=35473"},"modified":"2022-12-10T16:55:31","modified_gmt":"2022-12-10T19:55:31","slug":"con-obra-teatral-un-lugar-para-morir-se-sella-trabajo-intersectorial-ypreventivo-de-suicidio-y-bullying","status":"publish","type":"post","link":"https:\/\/www.radiopresidenteibanez.cl\/web\/con-obra-teatral-un-lugar-para-morir-se-sella-trabajo-intersectorial-ypreventivo-de-suicidio-y-bullying\/","title":{"rendered":"CON OBRA TEATRAL \u201cUN LUGAR PARA MORIR\u201d SE SELLA TRABAJO INTERSECTORIAL Y<br>PREVENTIVO DE SUICIDIO Y BULLYING"},"content":{"rendered":"\n<p>Ante una audiencia juvenil de diversos establecimientos educacionales de Punta Arenas, se realiz\u00f3<br>esta ma\u00f1ana la presentaci\u00f3n de la obra teatral \u201cUn lugar para morir\u201d, iniciativa interpretada por<br>un grupo de alumnas y alumnos del Liceo Polivalente Sara Braun y que forma parte una campa\u00f1a<br>de prevenci\u00f3n de suicidio y violencia escolar impulsada por la Seremi de Salud y el \u00c1rea de<br>Atenci\u00f3n al Menor de la Corporaci\u00f3n Municipal.<br>Maribel Bustos, encargada de la Unidad de Salud Mental de la SEREMI, explic\u00f3 que este trabajo<br>coordinado se inici\u00f3 en abril pasado con las primeras reuniones sostenidas con alumnos y alumnas<br>de dos establecimientos: Escuela Croacia y Liceo Polivalente Sara Braun, para trabajar ambas<br>tem\u00e1ticas. La preparaci\u00f3n se prolong\u00f3 por tres meses y logr\u00f3 unir las ideas de los estudiantes y<br>convertirse en propuestas creadas por ellos mismos para su pares o compa\u00f1eros. Los mensajes de<br>prevenci\u00f3n de bullying y suicidio se convirtieron en videos, afiches, en un cuento y en una obra de<br>teatro.<br>Los primeros materiales fueron dados a conocer en agosto pasado para finalizar hoy el proyecto<br>con el estreno de esta obra, dirigida por Andr\u00e9s Guzm\u00e1n y con las actuaciones de Victoria Araujo,<br>Anyel Huichicoi, Sam P\u00e9rez, Liam Mayorga y Anastasia Bravo. La obra de teatro transcurre en una<br>bodega abandonada del liceo, donde se re\u00fanen cinco j\u00f3venes que se sienten inadaptadas\/os del<br>mundo, a hablar y planificar un suicidio colectivo. Esta obra es una invitaci\u00f3n a reflexionar y<br>concientizar sobre esta tem\u00e1tica, generando en algo m\u00e1s de 40 minutos un espacio de dialogo<br>entre j\u00f3venes que comparten sus sentimientos, vivencias y visiones de vida.<br>La actuaci\u00f3n sobresaliente de los estudiantes fue ampliamente aplaudida y elogiada entre los<br>asistentes como autoridades, apoderados y especialmente por sus propios pares, quienes<br>libremente opinaron de esta obra, manifestando en sus palabras, lo identificados que se sintieron<br>o cercanos a esta historia.<br>Anastasia Bravo de Segundo Medio del Liceo Sara Braun, manifest\u00f3 que interpretar esta obra,<br>represent\u00f3 para ellos nerviosismo y emoci\u00f3n. \u201cFue muy emocionante terminar este proyecto, el<br>cual tiene como mensaje que es no quedarse callado frente a la idea suicidio, conversar con otros<br>y pensar que siempre hay una salida\u201d.<br>En tanto, otra de las protagonistas, Anyel Huichicoi, de primero medio, explic\u00f3 que el mensaje que<br>quieren dar es que la gente pida ayuda. \u201cEn lo personal mi pap\u00e1 biol\u00f3gico se suicid\u00f3 cuando yo<br>ten\u00eda 3 a\u00f1os, no pidi\u00f3 ayuda y no quiero que le pase a otra persona, que siga muriendo por tener<br>medio a ser juzgados, a que te digan que tus problemas no son tan graves o que son propios de la<br>edad.\u201d<\/p>\n\n\n\n<p>El desaf\u00edo para el pr\u00f3ximo a\u00f1o es contar con nuevos recursos para poder llevar esta obra a los<br>diversos establecimientos de la regi\u00f3n.<br>N\u00e9stor R\u00edos, en su rol de director del Liceo Polivalente Sara Braun, no s\u00f3lo valor\u00f3 la brillante<br>actuaci\u00f3n de los y las j\u00f3venes, sino que agreg\u00f3: \u201cMe quedo con la posibilidad que nuestros<br>estudiantes de la educaci\u00f3n p\u00fablica tengan la posibilidad para transmitir a la comunidad, que en la<br>medida que los j\u00f3venes tienen un espacio para entregar su mensaje, ellos lo toman con seriedad,<br>responsabilidad y con mucha voluntad para entregar un mensaje social que a nadie puede dejar<br>indiferente\u201d.<br>La jefa del Departamento de Salud P\u00fablica de la Seremi, Vivian Garay, expres\u00f3 que \u201cUn lugar Para<br>Morir\u201d es una obra maravillosa, es una forma de hacer prevenci\u00f3n en salud, una forma de hablar<br>lo del suicidio, de dar la relevancia a la comunicaci\u00f3n en nuestros hogares y con nuestros pares.<br>\u201cEstamos muy contentos y orgullosos del trabajo realizado por ambos en establecimientos en el<br>marco de la labor que desarrollamos para fomentar la Salud Mental\u201d, resalt\u00f3.<\/p>\n","protected":false},"excerpt":{"rendered":"<p>Ante una audiencia juvenil de diversos establecimientos educacionales de Punta Arenas, se realiz\u00f3esta ma\u00f1ana la presentaci\u00f3n de la obra teatral \u201cUn lugar para morir\u201d, iniciativa interpretada porun grupo de alumnas&#8230; <a class=\"read-more\" href=\"https:\/\/www.radiopresidenteibanez.cl\/web\/con-obra-teatral-un-lugar-para-morir-se-sella-trabajo-intersectorial-ypreventivo-de-suicidio-y-bullying\/\">Leer m\u00e1s<\/a><\/p>\n","protected":false},"author":2,"featured_media":35474,"comment_status":"closed","ping_status":"closed","sticky":false,"template":"","format":"standard","meta":{"footnotes":""},"categories":[1],"tags":[],"class_list":["post-35473","post","type-post","status-publish","format-standard","has-post-thumbnail","hentry","category-cronica"],"_links":{"self":[{"href":"https:\/\/www.radiopresidenteibanez.cl\/web\/wp-json\/wp\/v2\/posts\/35473","targetHints":{"allow":["GET"]}}],"collection":[{"href":"https:\/\/www.radiopresidenteibanez.cl\/web\/wp-json\/wp\/v2\/posts"}],"about":[{"href":"https:\/\/www.radiopresidenteibanez.cl\/web\/wp-json\/wp\/v2\/types\/post"}],"author":[{"embeddable":true,"href":"https:\/\/www.radiopresidenteibanez.cl\/web\/wp-json\/wp\/v2\/users\/2"}],"replies":[{"embeddable":true,"href":"https:\/\/www.radiopresidenteibanez.cl\/web\/wp-json\/wp\/v2\/comments?post=35473"}],"version-history":[{"count":0,"href":"https:\/\/www.radiopresidenteibanez.cl\/web\/wp-json\/wp\/v2\/posts\/35473\/revisions"}],"wp:featuredmedia":[{"embeddable":true,"href":"https:\/\/www.radiopresidenteibanez.cl\/web\/wp-json\/wp\/v2\/media\/35474"}],"wp:attachment":[{"href":"https:\/\/www.radiopresidenteibanez.cl\/web\/wp-json\/wp\/v2\/media?parent=35473"}],"wp:term":[{"taxonomy":"category","embeddable":true,"href":"https:\/\/www.radiopresidenteibanez.cl\/web\/wp-json\/wp\/v2\/categories?post=35473"},{"taxonomy":"post_tag","embeddable":true,"href":"https:\/\/www.radiopresidenteibanez.cl\/web\/wp-json\/wp\/v2\/tags?post=35473"}],"curies":[{"name":"wp","href":"https:\/\/api.w.org\/{rel}","templated":true}]}}