{"id":35470,"date":"2022-12-10T16:37:41","date_gmt":"2022-12-10T19:37:41","guid":{"rendered":"https:\/\/www.radiopresidenteibanez.cl\/web\/?p=35470"},"modified":"2022-12-10T16:37:49","modified_gmt":"2022-12-10T19:37:49","slug":"en-enero-se-realizara-primera-corrida-familiar-de-tabsa-en-porvenir","status":"publish","type":"post","link":"https:\/\/www.radiopresidenteibanez.cl\/web\/en-enero-se-realizara-primera-corrida-familiar-de-tabsa-en-porvenir\/","title":{"rendered":"<strong>En enero se realizar\u00e1 Primera Corrida Familiar de TABSA en Porvenir<\/strong>"},"content":{"rendered":"\n<p>Un tramo de 5 kil\u00f3metros deber\u00e1n recorrer los participantes de la Primera Corrida Familiar de TABSA en Porvenir que se desarrollar\u00e1 el domingo 8 de enero en la capital de Tierral de Fuego desde el terminal de Bah\u00eda Chilota hasta la oficina de la empresa ubicada en Manuel Se\u00f1oret 831.<\/p>\n\n\n\n<p>Los interesados pueden inscribirse a partir del lunes 12 de diciembre en&nbsp;<a href=\"http:\/\/www.tabsa.cl\/\" target=\"_blank\" rel=\"noreferrer noopener\">www.tabsa.cl<\/a>&nbsp;accediendo al banner del evento o escaneando el c\u00f3digo QR disponible en la misma web y el afiche promocional.<\/p>\n\n\n\n<p>La actividad cuenta con la colaboraci\u00f3n de la Municipalidad de Porvenir, Corporaci\u00f3n de Deportes y Recreaci\u00f3n de Porvenir y el Ministerio de Educaci\u00f3n. En total se disponen de 500 cupos de los cuales 400 ser\u00e1n para habitantes de la capital de Tierra del Fuego y 100 para puntarenenses.<\/p>\n\n\n\n<p>El punto de partida de la Corrida Familiar TABSA ser\u00e1 el terminal de Bah\u00eda Chilota a las 12.30 horas del domingo 8 de enero. Previamente ser\u00e1 entregada una polera a cada corredor. El certamen finalizar\u00e1 en la sucursal de la empresa, lugar en el que ser\u00e1n entregadas a los participantes una medalla y un snack.<\/p>\n\n\n\n<p>Para los pasajeros que lo requieran, TABSA dispondr\u00e1 un bus de acercamiento entre la sucursal de la empresa en Porvenir y el terminal de Bah\u00eda Chilota.<\/p>\n\n\n\n<p>El domingo 8 de enero, el ferry Pathagon contar\u00e1 con una tarifa promocional para pasajeros que realicen el cruce Punta Arenas \u2013 Porvenir \u2013 Punta Arenas a un costo de $5.000 por tramo&nbsp;y&nbsp;por&nbsp;persona.<\/p>\n","protected":false},"excerpt":{"rendered":"<p>Un tramo de 5 kil\u00f3metros deber\u00e1n recorrer los participantes de la Primera Corrida Familiar de TABSA en Porvenir que se desarrollar\u00e1 el domingo 8 de enero en la capital de&#8230; <a class=\"read-more\" href=\"https:\/\/www.radiopresidenteibanez.cl\/web\/en-enero-se-realizara-primera-corrida-familiar-de-tabsa-en-porvenir\/\">Leer m\u00e1s<\/a><\/p>\n","protected":false},"author":2,"featured_media":35471,"comment_status":"closed","ping_status":"closed","sticky":false,"template":"","format":"standard","meta":{"footnotes":""},"categories":[1],"tags":[],"class_list":["post-35470","post","type-post","status-publish","format-standard","has-post-thumbnail","hentry","category-cronica"],"_links":{"self":[{"href":"https:\/\/www.radiopresidenteibanez.cl\/web\/wp-json\/wp\/v2\/posts\/35470","targetHints":{"allow":["GET"]}}],"collection":[{"href":"https:\/\/www.radiopresidenteibanez.cl\/web\/wp-json\/wp\/v2\/posts"}],"about":[{"href":"https:\/\/www.radiopresidenteibanez.cl\/web\/wp-json\/wp\/v2\/types\/post"}],"author":[{"embeddable":true,"href":"https:\/\/www.radiopresidenteibanez.cl\/web\/wp-json\/wp\/v2\/users\/2"}],"replies":[{"embeddable":true,"href":"https:\/\/www.radiopresidenteibanez.cl\/web\/wp-json\/wp\/v2\/comments?post=35470"}],"version-history":[{"count":0,"href":"https:\/\/www.radiopresidenteibanez.cl\/web\/wp-json\/wp\/v2\/posts\/35470\/revisions"}],"wp:featuredmedia":[{"embeddable":true,"href":"https:\/\/www.radiopresidenteibanez.cl\/web\/wp-json\/wp\/v2\/media\/35471"}],"wp:attachment":[{"href":"https:\/\/www.radiopresidenteibanez.cl\/web\/wp-json\/wp\/v2\/media?parent=35470"}],"wp:term":[{"taxonomy":"category","embeddable":true,"href":"https:\/\/www.radiopresidenteibanez.cl\/web\/wp-json\/wp\/v2\/categories?post=35470"},{"taxonomy":"post_tag","embeddable":true,"href":"https:\/\/www.radiopresidenteibanez.cl\/web\/wp-json\/wp\/v2\/tags?post=35470"}],"curies":[{"name":"wp","href":"https:\/\/api.w.org\/{rel}","templated":true}]}}