{"id":35460,"date":"2022-12-10T10:53:00","date_gmt":"2022-12-10T13:53:00","guid":{"rendered":"https:\/\/www.radiopresidenteibanez.cl\/web\/?p=35460"},"modified":"2022-12-09T11:55:50","modified_gmt":"2022-12-09T14:55:50","slug":"red-publica-de-salud-fortalecera-su-oferta-de-especialidad-en-magallanes","status":"publish","type":"post","link":"https:\/\/www.radiopresidenteibanez.cl\/web\/red-publica-de-salud-fortalecera-su-oferta-de-especialidad-en-magallanes\/","title":{"rendered":"RED PUBLICA DE SALUD FORTALECERA SU OFERTA DE ESPECIALIDAD EN MAGALLANES"},"content":{"rendered":"\n<p>20 m\u00e9dicos especialistas llegar\u00e1n a la regi\u00f3n durante el a\u00f1o 2023 para reforzar la Red Asistencial y aumentar la oferta de horas de especialidad en el Hospital Cl\u00ednico de Magallanes, Hospital Dr. Augusto Essmann de Puerto Natales y COSAM Miraflores, de acuerdo a lo informado por el director (s) del Servicio de Salud Magallanes, Ricardo Contreras Fa\u00fandez.<\/p>\n\n\n\n<p>Los especialistas que har\u00e1n su arribo a contar del mes de abril, cursaron su especialidad en contexto de Periodo Asistencial Obligatorio (PAO), por lo que les corresponde la devoluci\u00f3n por un lapso igual a la duraci\u00f3n de la beca.<\/p>\n\n\n\n<p>\u201cEsta es una excelente noticia para nuestra regi\u00f3n y toda su Red Asistencial, ya que iniciaremos el a\u00f1o 2023 con la certeza que profesionales PAO se sumaran a nuestro trabajo para seguir avanzando en la reactivaci\u00f3n de nuestra actividad asistencial y disminuci\u00f3n de los tiempos de espera para una consulta de especialidad o cirug\u00eda\u201d, indic\u00f3 la autoridad de salud.<\/p>\n\n\n\n<p>Agregando el director (s) Contreras que, \u201cesperamos la llegada de nuevos especialistas en neurolog\u00eda, obstetricia, traumatolog\u00eda, psiquiatr\u00eda y pediatr\u00eda, entre otros\u201d, puntualiz\u00f3.<\/p>\n\n\n\n<p>Destacar que la llegada de nuevos profesionales durante el a\u00f1o 2023, ser\u00e1 el arribo m\u00e1s grande de m\u00e9dicos especialistas a la Red Asistencial de Magallanes en los \u00faltimos a\u00f1os.<\/p>\n","protected":false},"excerpt":{"rendered":"<p>20 m\u00e9dicos especialistas llegar\u00e1n a la regi\u00f3n durante el a\u00f1o 2023 para reforzar la Red Asistencial y aumentar la oferta de horas de especialidad en el Hospital Cl\u00ednico de Magallanes,&#8230; <a class=\"read-more\" href=\"https:\/\/www.radiopresidenteibanez.cl\/web\/red-publica-de-salud-fortalecera-su-oferta-de-especialidad-en-magallanes\/\">Leer m\u00e1s<\/a><\/p>\n","protected":false},"author":2,"featured_media":35461,"comment_status":"closed","ping_status":"closed","sticky":false,"template":"","format":"standard","meta":{"footnotes":""},"categories":[1],"tags":[],"class_list":["post-35460","post","type-post","status-publish","format-standard","has-post-thumbnail","hentry","category-cronica"],"_links":{"self":[{"href":"https:\/\/www.radiopresidenteibanez.cl\/web\/wp-json\/wp\/v2\/posts\/35460","targetHints":{"allow":["GET"]}}],"collection":[{"href":"https:\/\/www.radiopresidenteibanez.cl\/web\/wp-json\/wp\/v2\/posts"}],"about":[{"href":"https:\/\/www.radiopresidenteibanez.cl\/web\/wp-json\/wp\/v2\/types\/post"}],"author":[{"embeddable":true,"href":"https:\/\/www.radiopresidenteibanez.cl\/web\/wp-json\/wp\/v2\/users\/2"}],"replies":[{"embeddable":true,"href":"https:\/\/www.radiopresidenteibanez.cl\/web\/wp-json\/wp\/v2\/comments?post=35460"}],"version-history":[{"count":0,"href":"https:\/\/www.radiopresidenteibanez.cl\/web\/wp-json\/wp\/v2\/posts\/35460\/revisions"}],"wp:featuredmedia":[{"embeddable":true,"href":"https:\/\/www.radiopresidenteibanez.cl\/web\/wp-json\/wp\/v2\/media\/35461"}],"wp:attachment":[{"href":"https:\/\/www.radiopresidenteibanez.cl\/web\/wp-json\/wp\/v2\/media?parent=35460"}],"wp:term":[{"taxonomy":"category","embeddable":true,"href":"https:\/\/www.radiopresidenteibanez.cl\/web\/wp-json\/wp\/v2\/categories?post=35460"},{"taxonomy":"post_tag","embeddable":true,"href":"https:\/\/www.radiopresidenteibanez.cl\/web\/wp-json\/wp\/v2\/tags?post=35460"}],"curies":[{"name":"wp","href":"https:\/\/api.w.org\/{rel}","templated":true}]}}