{"id":35442,"date":"2022-12-09T11:23:55","date_gmt":"2022-12-09T14:23:55","guid":{"rendered":"https:\/\/www.radiopresidenteibanez.cl\/web\/?p=35442"},"modified":"2022-12-09T11:24:04","modified_gmt":"2022-12-09T14:24:04","slug":"concejal-german-flores-no-es-posible-que-gente-viva-en-forma-inhumana-en-riesgo-de-su-salud","status":"publish","type":"post","link":"https:\/\/www.radiopresidenteibanez.cl\/web\/concejal-german-flores-no-es-posible-que-gente-viva-en-forma-inhumana-en-riesgo-de-su-salud\/","title":{"rendered":"CONCEJAL GERM\u00c1N FLORES: \u201cNO ES POSIBLE QUE GENTE VIVA EN FORMA INHUMANA, EN RIESGO DE SU SALUD \u201d"},"content":{"rendered":"\n<p>Impactado se mostr\u00f3 el concejal de la comuna Germ\u00e1n Flores tras conocer las inhumanas condiciones en que vive al menos veinte ciudadanos chilenos, quienes habitan en peque\u00f1as piezas que no re\u00fanen las necesidades m\u00ednimas para vivir como personas y, lo que es peor a su juicio, en riesgo de sus vidas.<\/p>\n\n\n\n<p>\u201cNo es posible que tengamos a personas viviendo en forma inhumana, sin dignidad, expuesta a riesgo de salud y de vida. No por ser pobres o bien por no tener los recursos para poder arrendar otro inmueble, estas personas est\u00e9n expuestas a condiciones de vida que nadie se merece, por lo tanto, no podemos quedar en silencio y denunciar esta situaci\u00f3n\u201d, se\u00f1al\u00f3 el concejal<\/p>\n\n\n\n<p>El edil Germ\u00e1n Flores agreg\u00f3 que lleg\u00f3 al lugar para entregar una donaci\u00f3n y se encontr\u00f3 que en el inmueble existen al menos veinte pieza o casas peque\u00f1as, tienen un ba\u00f1o para todos los arrendatarios, por lo que algunos en las noches hacen sus necesidades en tachos al interior de sus piezas.<\/p>\n\n\n\n<p>\u201cRecorr\u00ed el lugar, constat\u00e9 la presencia de aguas servidas, instalaciones el\u00e9ctricas con cables colgando que son un inminente peligro, las precarias condiciones con las cuales est\u00e1n construidas las dependencias, un estrecho pasillo de conexi\u00f3n, es decir, si se produce en siniestro, creo que ser\u00eda muy dif\u00edcil que alguien pudiese salvar su vida\u201d.<\/p>\n\n\n\n<p>Ante tal situaci\u00f3n el concejal solicit\u00f3 al alcalde hacer una intervenci\u00f3n social en el lugar, sobre todo para ver un caso de una joven madre que tiene una hija de diez a\u00f1os con s\u00edndrome de Down y un beb\u00e9 de solo 15 d\u00edas. De igual modo agreg\u00f3 que tom\u00f3 contacto con el Seremi del Ministerio de Desarrollo Social Danilo Mimica, a quien agradeci\u00f3 la inmediata disposici\u00f3n, para ver la posibilidad de hacer un catastro de las personas e involucrar a salud ante el riesgo sanitario del lugar.<\/p>\n\n\n\n<p>\u201cYo entiendo que quienes viven ah\u00ed, los cuales pagan mensualmente aproximadamente cien mil pesos, lo hacen porque sus recursos no le alcanzan para arrendar en otro lugar, pero no por eso, quien les arrienda lucre de esta forma, sin entregarle en primer lugar, una dependencia digna, segura y con un m\u00ednimo de dignidad\u201d, concluy\u00f3 el concejal Germ\u00e1n Flores.<\/p>\n","protected":false},"excerpt":{"rendered":"<p>Impactado se mostr\u00f3 el concejal de la comuna Germ\u00e1n Flores tras conocer las inhumanas condiciones en que vive al menos veinte ciudadanos chilenos, quienes habitan en peque\u00f1as piezas que no&#8230; <a class=\"read-more\" href=\"https:\/\/www.radiopresidenteibanez.cl\/web\/concejal-german-flores-no-es-posible-que-gente-viva-en-forma-inhumana-en-riesgo-de-su-salud\/\">Leer m\u00e1s<\/a><\/p>\n","protected":false},"author":2,"featured_media":35443,"comment_status":"closed","ping_status":"closed","sticky":false,"template":"","format":"standard","meta":{"footnotes":""},"categories":[1],"tags":[],"class_list":["post-35442","post","type-post","status-publish","format-standard","has-post-thumbnail","hentry","category-cronica"],"_links":{"self":[{"href":"https:\/\/www.radiopresidenteibanez.cl\/web\/wp-json\/wp\/v2\/posts\/35442","targetHints":{"allow":["GET"]}}],"collection":[{"href":"https:\/\/www.radiopresidenteibanez.cl\/web\/wp-json\/wp\/v2\/posts"}],"about":[{"href":"https:\/\/www.radiopresidenteibanez.cl\/web\/wp-json\/wp\/v2\/types\/post"}],"author":[{"embeddable":true,"href":"https:\/\/www.radiopresidenteibanez.cl\/web\/wp-json\/wp\/v2\/users\/2"}],"replies":[{"embeddable":true,"href":"https:\/\/www.radiopresidenteibanez.cl\/web\/wp-json\/wp\/v2\/comments?post=35442"}],"version-history":[{"count":0,"href":"https:\/\/www.radiopresidenteibanez.cl\/web\/wp-json\/wp\/v2\/posts\/35442\/revisions"}],"wp:featuredmedia":[{"embeddable":true,"href":"https:\/\/www.radiopresidenteibanez.cl\/web\/wp-json\/wp\/v2\/media\/35443"}],"wp:attachment":[{"href":"https:\/\/www.radiopresidenteibanez.cl\/web\/wp-json\/wp\/v2\/media?parent=35442"}],"wp:term":[{"taxonomy":"category","embeddable":true,"href":"https:\/\/www.radiopresidenteibanez.cl\/web\/wp-json\/wp\/v2\/categories?post=35442"},{"taxonomy":"post_tag","embeddable":true,"href":"https:\/\/www.radiopresidenteibanez.cl\/web\/wp-json\/wp\/v2\/tags?post=35442"}],"curies":[{"name":"wp","href":"https:\/\/api.w.org\/{rel}","templated":true}]}}