{"id":35439,"date":"2022-12-09T14:54:00","date_gmt":"2022-12-09T17:54:00","guid":{"rendered":"https:\/\/www.radiopresidenteibanez.cl\/web\/?p=35439"},"modified":"2022-12-09T10:57:47","modified_gmt":"2022-12-09T13:57:47","slug":"establecimientos-educacionales-de-punta-arenas-fueron-parte-de-talleresinteractivos-de-marea-roja","status":"publish","type":"post","link":"https:\/\/www.radiopresidenteibanez.cl\/web\/establecimientos-educacionales-de-punta-arenas-fueron-parte-de-talleresinteractivos-de-marea-roja\/","title":{"rendered":"ESTABLECIMIENTOS EDUCACIONALES DE PUNTA ARENAS FUERON PARTE DE TALLERES<br>INTERACTIVOS DE MAREA ROJA"},"content":{"rendered":"\n<p>Como parte de las acciones preventivas que desarrolla la Secretar\u00eda Regional Ministerial de Salud<br>de Magallanes, se realiz\u00f3 un ciclo de talleres de marea roja en establecimientos educacionales de<br>Punta Arenas, para reforzar el conocimiento de este fen\u00f3meno y fomentar el autocuidado.<br>La encargada del Programa de Marea Roja, Paulina Solar, explic\u00f3 que \u201clas capacitaciones a ni\u00f1os<br>de quinto b\u00e1sico se enmarcan en una de las l\u00edneas de trabajo que tiene la Seremi de Salud a trav\u00e9s<br>de intervenciones educativas en la comunidad. Estas tienen como objetivo dar a conocer las<br>medidas de autocuidado a la poblaci\u00f3n para evitar intoxicaciones por marea roja, que pueden a<br>llegar a ser mortales\u201d, agregando que los mensajes claves que se refuerzan en las capacitaciones<br>son la importancia de extraer de \u00e1reas abiertas, comprar mariscos en locales autorizados y<br>siempre exigir el informe de an\u00e1lisis de los laboratorios de la autoridad sanitaria regional.<br>La profesional de la Seremi de Salud, Daniela P\u00e9rez, explic\u00f3 que \u201cdurante el segundo semestre se<br>realiz\u00f3 esta actividad en 4 colegios de la regi\u00f3n, Escuela La Milagrosa, Colegio Pierre Faure, Escuela<br>Espa\u00f1a y Escuela Villa las Nieves, en 8 cursos de quinto b\u00e1sico y fueron en total 231 alumnos y<br>alumnas los que participaron de los talleres, en los que se les explic\u00f3 de manera l\u00fadica qu\u00e9 es la<br>marea roja y otra informaci\u00f3n relevante de este fen\u00f3meno\u201d.<br>Para esto se exhibe un video educativo que cuenta la historia de dos j\u00f3venes que se pierden en los<br>canales australes, que se ven enfrentados a una situaci\u00f3n en la que se encuentran mariscos sin<br>analizar, siendo ayudados por animales y aves de la zona para que no se intoxiquen y vuelvan a su<br>hogar. Posteriormente se resuelve una prueba diagn\u00f3stico y finalmente se les entrega un libro<br>para pintar con actividades e informaci\u00f3n para que conozcan qu\u00e9 mariscos son susceptibles de<br>presentar marea roja, que este fen\u00f3meno no cambia el color, olor ni forma de los mariscos, y que<br>no se elimina hirviendo los mariscos o agreg\u00e1ndoles lim\u00f3n, vinagre u otros ingredientes, siendo el<br>informe de an\u00e1lisis la \u00fanica manera de asegurarnos que un producto se encuentre apto para su<br>consumo.<br>Estos ciclos de capacitaci\u00f3n forman parte de diversas acciones de fiscalizaci\u00f3n, educaci\u00f3n, an\u00e1lisis<br>de productos, prevenci\u00f3n y difusi\u00f3n a la comunidad que realiza la Seremi de Salud Magallanes<br>para evitar intoxicaciones por consumir mariscos contaminados con toxinas marinas.<br>Paulina Solar, enfatiz\u00f3, que en forma permanente se debe informar sobre este fen\u00f3meno y<br>recordar su presencia ya que si dejamos de reiterar el mensaje preventivo como comunidad se<br>puede generar un cierto relajo con las medidas sanitarias y de autocuidado, con el riesgo de<br>intoxicaciones.<br>Recordar que en Magallanes se encuentran presentes el veneno paralizante (VPM), diarreico<br>(VDM) y amn\u00e9sico de los mariscos (VAM). Las \u00faltimas dos intoxicaciones se registraron en<\/p>\n\n\n\n<p>septiembre de 2011, trat\u00e1ndose en ambos casos de pescadores. Desde 1972 a la fecha se han<br>producido 341 intoxicados por marea roja, de los cuales 23 han fallecido, de ah\u00ed la importancia de<br>la prevenci\u00f3n.<\/p>\n","protected":false},"excerpt":{"rendered":"<p>Como parte de las acciones preventivas que desarrolla la Secretar\u00eda Regional Ministerial de Saludde Magallanes, se realiz\u00f3 un ciclo de talleres de marea roja en establecimientos educacionales dePunta Arenas, para&#8230; <a class=\"read-more\" href=\"https:\/\/www.radiopresidenteibanez.cl\/web\/establecimientos-educacionales-de-punta-arenas-fueron-parte-de-talleresinteractivos-de-marea-roja\/\">Leer m\u00e1s<\/a><\/p>\n","protected":false},"author":2,"featured_media":35440,"comment_status":"closed","ping_status":"closed","sticky":false,"template":"","format":"standard","meta":{"footnotes":""},"categories":[1],"tags":[],"class_list":["post-35439","post","type-post","status-publish","format-standard","has-post-thumbnail","hentry","category-cronica"],"_links":{"self":[{"href":"https:\/\/www.radiopresidenteibanez.cl\/web\/wp-json\/wp\/v2\/posts\/35439","targetHints":{"allow":["GET"]}}],"collection":[{"href":"https:\/\/www.radiopresidenteibanez.cl\/web\/wp-json\/wp\/v2\/posts"}],"about":[{"href":"https:\/\/www.radiopresidenteibanez.cl\/web\/wp-json\/wp\/v2\/types\/post"}],"author":[{"embeddable":true,"href":"https:\/\/www.radiopresidenteibanez.cl\/web\/wp-json\/wp\/v2\/users\/2"}],"replies":[{"embeddable":true,"href":"https:\/\/www.radiopresidenteibanez.cl\/web\/wp-json\/wp\/v2\/comments?post=35439"}],"version-history":[{"count":0,"href":"https:\/\/www.radiopresidenteibanez.cl\/web\/wp-json\/wp\/v2\/posts\/35439\/revisions"}],"wp:featuredmedia":[{"embeddable":true,"href":"https:\/\/www.radiopresidenteibanez.cl\/web\/wp-json\/wp\/v2\/media\/35440"}],"wp:attachment":[{"href":"https:\/\/www.radiopresidenteibanez.cl\/web\/wp-json\/wp\/v2\/media?parent=35439"}],"wp:term":[{"taxonomy":"category","embeddable":true,"href":"https:\/\/www.radiopresidenteibanez.cl\/web\/wp-json\/wp\/v2\/categories?post=35439"},{"taxonomy":"post_tag","embeddable":true,"href":"https:\/\/www.radiopresidenteibanez.cl\/web\/wp-json\/wp\/v2\/tags?post=35439"}],"curies":[{"name":"wp","href":"https:\/\/api.w.org\/{rel}","templated":true}]}}