{"id":35427,"date":"2022-12-09T10:33:00","date_gmt":"2022-12-09T13:33:00","guid":{"rendered":"https:\/\/www.radiopresidenteibanez.cl\/web\/?p=35427"},"modified":"2022-12-09T08:35:41","modified_gmt":"2022-12-09T11:35:41","slug":"pdi-concreta-la-mayor-incautacion-de-cananbis-sativa-en-magallanes-en-lo-que-va-del-ano","status":"publish","type":"post","link":"https:\/\/www.radiopresidenteibanez.cl\/web\/pdi-concreta-la-mayor-incautacion-de-cananbis-sativa-en-magallanes-en-lo-que-va-del-ano\/","title":{"rendered":"PDI CONCRETA LA MAYOR INCAUTACION DE CANANBIS SATIVA EN MAGALLANES EN LO QUE VA DEL A\u00d1O"},"content":{"rendered":"\n<p>Detectives de la Brigada Antinarc\u00f3ticos y Contra el Crimen Organizado (BRIANCO) Punta Arenas de la Polic\u00eda de Investigaciones efectuaron un procedimiento policial en la ciudad de Puerto Natales en donde lograron la detenci\u00f3n de un hombre por el delito de tr\u00e1fico il\u00edcito de drogas, quien fue formalizado este jueves y qued\u00f3 en prisi\u00f3n preventiva.<\/p>\n\n\n\n<p>\u201cDamos un certero golpe al narcotr\u00e1fico en la regi\u00f3n de Magallanes y la Ant\u00e1rtica Chilena, ya que detectives Antinarc\u00f3ticos, en coordinaci\u00f3n con el Ministerio P\u00fablico, lograron sacar de circulaci\u00f3n m\u00e1s de 10 kilos de Cannabis Sativa. A ra\u00edz de un proceso investigativo se logr\u00f3 determinar fechacientemente el acopio de droga en un inmueble de la comuna de Puerto Natales\u201d, indic\u00f3 el subprefecto Patricio Flores, jefe de la BRIANCO Punta Arenas.<\/p>\n\n\n\n<p>Los detectives realizaron diversas diligencias investigativas que culminaron la tarde de este mi\u00e9rcoles con la detenci\u00f3n en flagrancia de un ciudadano extranjero, que ten\u00eda acopiado en su domicilio 10 kilos y 136 gramos de Cannabis Sativa, droga que de haber sido comercializada en la regi\u00f3n, hubiera generado ganancias il\u00edcitas que superan los 100 millones de pesos.<\/p>\n\n\n\n<p>Adem\u00e1s, los detectives incautaron en la vivienda un total de $1.020.000 pesos en efectivo, 35.200 pesos argentinos, una balanza digital, bolsas dosificadoras y evidencia de inter\u00e9s criminal\u00edstico para la investigaci\u00f3n.<\/p>\n","protected":false},"excerpt":{"rendered":"<p>Detectives de la Brigada Antinarc\u00f3ticos y Contra el Crimen Organizado (BRIANCO) Punta Arenas de la Polic\u00eda de Investigaciones efectuaron un procedimiento policial en la ciudad de Puerto Natales en donde&#8230; <a class=\"read-more\" href=\"https:\/\/www.radiopresidenteibanez.cl\/web\/pdi-concreta-la-mayor-incautacion-de-cananbis-sativa-en-magallanes-en-lo-que-va-del-ano\/\">Leer m\u00e1s<\/a><\/p>\n","protected":false},"author":2,"featured_media":35428,"comment_status":"closed","ping_status":"closed","sticky":false,"template":"","format":"standard","meta":{"footnotes":""},"categories":[1],"tags":[],"class_list":["post-35427","post","type-post","status-publish","format-standard","has-post-thumbnail","hentry","category-cronica"],"_links":{"self":[{"href":"https:\/\/www.radiopresidenteibanez.cl\/web\/wp-json\/wp\/v2\/posts\/35427","targetHints":{"allow":["GET"]}}],"collection":[{"href":"https:\/\/www.radiopresidenteibanez.cl\/web\/wp-json\/wp\/v2\/posts"}],"about":[{"href":"https:\/\/www.radiopresidenteibanez.cl\/web\/wp-json\/wp\/v2\/types\/post"}],"author":[{"embeddable":true,"href":"https:\/\/www.radiopresidenteibanez.cl\/web\/wp-json\/wp\/v2\/users\/2"}],"replies":[{"embeddable":true,"href":"https:\/\/www.radiopresidenteibanez.cl\/web\/wp-json\/wp\/v2\/comments?post=35427"}],"version-history":[{"count":0,"href":"https:\/\/www.radiopresidenteibanez.cl\/web\/wp-json\/wp\/v2\/posts\/35427\/revisions"}],"wp:featuredmedia":[{"embeddable":true,"href":"https:\/\/www.radiopresidenteibanez.cl\/web\/wp-json\/wp\/v2\/media\/35428"}],"wp:attachment":[{"href":"https:\/\/www.radiopresidenteibanez.cl\/web\/wp-json\/wp\/v2\/media?parent=35427"}],"wp:term":[{"taxonomy":"category","embeddable":true,"href":"https:\/\/www.radiopresidenteibanez.cl\/web\/wp-json\/wp\/v2\/categories?post=35427"},{"taxonomy":"post_tag","embeddable":true,"href":"https:\/\/www.radiopresidenteibanez.cl\/web\/wp-json\/wp\/v2\/tags?post=35427"}],"curies":[{"name":"wp","href":"https:\/\/api.w.org\/{rel}","templated":true}]}}