{"id":3541,"date":"2019-04-20T18:25:18","date_gmt":"2019-04-20T18:25:18","guid":{"rendered":"http:\/\/www.radiopresidenteibanez.cl\/web\/?p=3541"},"modified":"2019-04-20T18:25:56","modified_gmt":"2019-04-20T18:25:56","slug":"senadora-goic-destaca-avance-en-sala-cuna-universal-para-las-madres-trabajadoras-de-nuestro-pais","status":"publish","type":"post","link":"https:\/\/www.radiopresidenteibanez.cl\/web\/senadora-goic-destaca-avance-en-sala-cuna-universal-para-las-madres-trabajadoras-de-nuestro-pais\/","title":{"rendered":"SENADORA GOIC DESTACA AVANCE EN SALA CUNA UNIVERSAL PARA LAS MADRES TRABAJADORAS DE NUESTRO PA\u00cdS"},"content":{"rendered":"\n<p>Como un paso importante para avanzar en la agenda de g\u00e9nero y hacer\njusticia para las madres trabajadoras de nuestro pa\u00eds, calific\u00f3 la senadora\nCarolina Goic la aprobaci\u00f3n un\u00e1nime de la idea de legislar el proyecto que\nbusca avanzar en la Sala Cuna Universal, inici\u00e1ndose as\u00ed una garant\u00eda de este\nderecho para todas las mujeres trabajadoras.<\/p>\n\n\n\n<p>As\u00ed lo se\u00f1al\u00f3 junto a la Ministra de las Mujer y Equidad de G\u00e9nero y al\nMinistro del Trabajo al t\u00e9rmino de la sesi\u00f3n, en donde se aprob\u00f3 en general el\nproyecto que busca avanzar en la cuna universal y que beneficiar\u00e1 a mujeres que\nal d\u00eda de hoy son castigadas cuando son madres de ni\u00f1os y ni\u00f1as peque\u00f1as, pues\nlas empresas no las contratan y de esta manera no pagan sala cuna. &nbsp;<\/p>\n\n\n\n<p>La senadora Goic record\u00f3 que la ley actual, a trav\u00e9s del art\u00edculo 203 del C\u00f3digo\ndel Trabajo, se\u00f1ala que toda empresa con m\u00e1s de veinte trabajadoras debe\ncancelar el servicio de cuidado en ni\u00f1os de menos de dos a\u00f1os, y lo que hoy\nocurre es que lo que hacen es llegar hasta las diecinueve mujeres contratadas\npara no asumir ese costo, \u201cesto significa un castigo inaceptable no s\u00f3lo a las\nmujeres en edad f\u00e9rtil si no tambi\u00e9n a todas las mujeres de nuestro pa\u00eds\u201d\nexplic\u00f3.<\/p>\n\n\n\n<p>\u201cEn Chile tenemos un desaf\u00edo de aumentar la incorporaci\u00f3n de la mujer al\nmercado del trabajo, por hace a\u00f1os hice esta propuesta que consiste en generar\nun Fondo Solidario donde el empleador aporta para el financiamiento de la sala\ncuna por todos los trabajadores y trabajadoras de la empresa, adem\u00e1s de\ncontemplar una cotizaci\u00f3n adicional de un 0,1% a cargo del empleador, lo que\nimplica, por ejemplo, que si una persona tiene un sueldo de $400.000, la\nempresa tendr\u00e1 que pagar cada mes un adicional de $400, garantizando una sala\ncuna de $245.000 para hijos menores de dos a\u00f1os\u201d, agreg\u00f3 la parlamentaria\nmagall\u00e1nica.<\/p>\n\n\n\n<p>Luego agreg\u00f3, \u201cno se puede discriminar hoy d\u00eda a una mujer por ser madre, por lo que debemos avanzar en incorporarla y aprovechar toda su experiencia, conocimiento y sabidur\u00eda. Hoy en Chile las tasas de natalidad van a la baja y, si bien influyen diversos factores, es evidente que muchas mujeres deben optar entre desarrollar sus carreras profesionales o laborales y ser madres, porque muchas no pueden conjugar ambos roles, por eso este proyecto es muy importante y esperemos que pronto se convierta en ley\u201d, concluy\u00f3 Carolina Goic. <\/p>\n\n\n\n<figure class=\"wp-block-image\"><img loading=\"lazy\" decoding=\"async\" width=\"889\" height=\"607\" src=\"http:\/\/www.radiopresidenteibanez.cl\/web\/wp-content\/uploads\/2019\/04\/PHOTO-2019-04-17-16-09-45.jpg\" alt=\"\" class=\"wp-image-3542\" srcset=\"https:\/\/www.radiopresidenteibanez.cl\/web\/wp-content\/uploads\/2019\/04\/PHOTO-2019-04-17-16-09-45.jpg 889w, https:\/\/www.radiopresidenteibanez.cl\/web\/wp-content\/uploads\/2019\/04\/PHOTO-2019-04-17-16-09-45-300x205.jpg 300w, https:\/\/www.radiopresidenteibanez.cl\/web\/wp-content\/uploads\/2019\/04\/PHOTO-2019-04-17-16-09-45-768x524.jpg 768w\" sizes=\"auto, (max-width: 889px) 100vw, 889px\" \/><\/figure>\n","protected":false},"excerpt":{"rendered":"<p>Como un paso importante para avanzar en la agenda de g\u00e9nero y hacer justicia para las madres trabajadoras de nuestro pa\u00eds, calific\u00f3 la senadora Carolina Goic la aprobaci\u00f3n un\u00e1nime de&#8230; <a class=\"read-more\" href=\"https:\/\/www.radiopresidenteibanez.cl\/web\/senadora-goic-destaca-avance-en-sala-cuna-universal-para-las-madres-trabajadoras-de-nuestro-pais\/\">Leer m\u00e1s<\/a><\/p>\n","protected":false},"author":2,"featured_media":3542,"comment_status":"closed","ping_status":"closed","sticky":false,"template":"","format":"standard","meta":{"footnotes":""},"categories":[5],"tags":[],"class_list":["post-3541","post","type-post","status-publish","format-standard","has-post-thumbnail","hentry","category-politica"],"_links":{"self":[{"href":"https:\/\/www.radiopresidenteibanez.cl\/web\/wp-json\/wp\/v2\/posts\/3541","targetHints":{"allow":["GET"]}}],"collection":[{"href":"https:\/\/www.radiopresidenteibanez.cl\/web\/wp-json\/wp\/v2\/posts"}],"about":[{"href":"https:\/\/www.radiopresidenteibanez.cl\/web\/wp-json\/wp\/v2\/types\/post"}],"author":[{"embeddable":true,"href":"https:\/\/www.radiopresidenteibanez.cl\/web\/wp-json\/wp\/v2\/users\/2"}],"replies":[{"embeddable":true,"href":"https:\/\/www.radiopresidenteibanez.cl\/web\/wp-json\/wp\/v2\/comments?post=3541"}],"version-history":[{"count":0,"href":"https:\/\/www.radiopresidenteibanez.cl\/web\/wp-json\/wp\/v2\/posts\/3541\/revisions"}],"wp:featuredmedia":[{"embeddable":true,"href":"https:\/\/www.radiopresidenteibanez.cl\/web\/wp-json\/wp\/v2\/media\/3542"}],"wp:attachment":[{"href":"https:\/\/www.radiopresidenteibanez.cl\/web\/wp-json\/wp\/v2\/media?parent=3541"}],"wp:term":[{"taxonomy":"category","embeddable":true,"href":"https:\/\/www.radiopresidenteibanez.cl\/web\/wp-json\/wp\/v2\/categories?post=3541"},{"taxonomy":"post_tag","embeddable":true,"href":"https:\/\/www.radiopresidenteibanez.cl\/web\/wp-json\/wp\/v2\/tags?post=3541"}],"curies":[{"name":"wp","href":"https:\/\/api.w.org\/{rel}","templated":true}]}}