{"id":35397,"date":"2022-12-07T18:54:00","date_gmt":"2022-12-07T21:54:00","guid":{"rendered":"https:\/\/www.radiopresidenteibanez.cl\/web\/?p=35397"},"modified":"2022-12-07T15:58:32","modified_gmt":"2022-12-07T18:58:32","slug":"cyberfosis-navidad-ya-esta-disponible-la-plataforma-digital-que-ofrece-productos-y-servicios-de-todo-el-pais","status":"publish","type":"post","link":"https:\/\/www.radiopresidenteibanez.cl\/web\/cyberfosis-navidad-ya-esta-disponible-la-plataforma-digital-que-ofrece-productos-y-servicios-de-todo-el-pais\/","title":{"rendered":"CyberFOSIS NAVIDAD: YA ESTA DISPONIBLE LA PLATAFORMA DIGITAL QUE OFRECE PRODUCTOS Y SERVICIOS DE TODO EL PAIS"},"content":{"rendered":"\n<p>Ofrecer una ventana de difusi\u00f3n y comercializaci\u00f3n para emprendedores que han sido parte de los<br>programas del Fondo de Solidaridad e Inversi\u00f3n Social (FOSIS) es el objetivo de esta iniciativa de<br>alcance nacional.<br>En esta oportunidad son 22 emprendedoras magall\u00e1nicas que est\u00e1n participando en este evento,<br>quienes ofrecen desde servicios de masajes hasta la confecci\u00f3n de maceteros para plantas en 3D,<br>una tienda virtual de moda ecol\u00f3gica y sustentable, accesorios y regalos para mujeres, entre otros.<br>Una de ellas es Mar\u00eda Ivonne Soto, responsable de \u201cKuyen Alen Orfebre\u201d, emprendimiento que<br>inici\u00f3 hace 5 a\u00f1os por su amor a la cultura y el arte. Ofrece dise\u00f1os y elaboraci\u00f3n de joyas de plata,<br>inspiradas en la cultura mapuche y en aspectos caracter\u00edsticas de la regi\u00f3n.<br>\u201cSon joyas de autor porque son ideas creadas por nosotros, como orfebres, son dibujos, dise\u00f1os o<br>bosquejos y eso le da plus importante sobre todo cuando se trata de una joya con sentido, con<br>historia, algo que identifique a quien va a portar ese producto\u201d, se\u00f1ala Mar\u00eda Ivonne Soto, junto<br>con destacar lo relevante de esta vitrina para ella.<br>\u201cPermite generar mayor difusi\u00f3n y mejor comercializaci\u00f3n de las actividades y de los trabajos que<br>realiza la comunidad emprendedora del FOSIS. En este sentido, la invitaci\u00f3n es que accedan a la<br>p\u00e1gina, que logren visibilizar distintos emprendimientos de distintas regiones y de esa forma<br>acceder a una oferta de regalos para esta navidad\u201d, manifest\u00f3 el director regional del FOSIS, Felipe<br>Jeria Palma.<br>Finalmente, el seremi de Desarrollo Social y Familia, Danilo Mimica Mansilla, destac\u00f3 el trabajo de<br>Mar\u00eda Ivonne Soto, as\u00ed como tambi\u00e9n de todas las emprendedoras magall\u00e1nicas que son parte de<br>este evento digital y reiter\u00f3 la invitaci\u00f3n a acceder a la p\u00e1gina www.cyberfosis.cl para aprovechar<br>esta oportunidad de comprar con sentido y apoyar emprendimientos locales y nacionales.<\/p>\n","protected":false},"excerpt":{"rendered":"<p>Ofrecer una ventana de difusi\u00f3n y comercializaci\u00f3n para emprendedores que han sido parte de losprogramas del Fondo de Solidaridad e Inversi\u00f3n Social (FOSIS) es el objetivo de esta iniciativa dealcance&#8230; <a class=\"read-more\" href=\"https:\/\/www.radiopresidenteibanez.cl\/web\/cyberfosis-navidad-ya-esta-disponible-la-plataforma-digital-que-ofrece-productos-y-servicios-de-todo-el-pais\/\">Leer m\u00e1s<\/a><\/p>\n","protected":false},"author":2,"featured_media":35398,"comment_status":"closed","ping_status":"closed","sticky":false,"template":"","format":"standard","meta":{"footnotes":""},"categories":[1],"tags":[],"class_list":["post-35397","post","type-post","status-publish","format-standard","has-post-thumbnail","hentry","category-cronica"],"_links":{"self":[{"href":"https:\/\/www.radiopresidenteibanez.cl\/web\/wp-json\/wp\/v2\/posts\/35397","targetHints":{"allow":["GET"]}}],"collection":[{"href":"https:\/\/www.radiopresidenteibanez.cl\/web\/wp-json\/wp\/v2\/posts"}],"about":[{"href":"https:\/\/www.radiopresidenteibanez.cl\/web\/wp-json\/wp\/v2\/types\/post"}],"author":[{"embeddable":true,"href":"https:\/\/www.radiopresidenteibanez.cl\/web\/wp-json\/wp\/v2\/users\/2"}],"replies":[{"embeddable":true,"href":"https:\/\/www.radiopresidenteibanez.cl\/web\/wp-json\/wp\/v2\/comments?post=35397"}],"version-history":[{"count":0,"href":"https:\/\/www.radiopresidenteibanez.cl\/web\/wp-json\/wp\/v2\/posts\/35397\/revisions"}],"wp:featuredmedia":[{"embeddable":true,"href":"https:\/\/www.radiopresidenteibanez.cl\/web\/wp-json\/wp\/v2\/media\/35398"}],"wp:attachment":[{"href":"https:\/\/www.radiopresidenteibanez.cl\/web\/wp-json\/wp\/v2\/media?parent=35397"}],"wp:term":[{"taxonomy":"category","embeddable":true,"href":"https:\/\/www.radiopresidenteibanez.cl\/web\/wp-json\/wp\/v2\/categories?post=35397"},{"taxonomy":"post_tag","embeddable":true,"href":"https:\/\/www.radiopresidenteibanez.cl\/web\/wp-json\/wp\/v2\/tags?post=35397"}],"curies":[{"name":"wp","href":"https:\/\/api.w.org\/{rel}","templated":true}]}}