{"id":35394,"date":"2022-12-07T17:48:00","date_gmt":"2022-12-07T20:48:00","guid":{"rendered":"https:\/\/www.radiopresidenteibanez.cl\/web\/?p=35394"},"modified":"2022-12-07T15:52:12","modified_gmt":"2022-12-07T18:52:12","slug":"sindicato-de-trabajadores-de-enap-sostuvo-reuniones-de-trabajo-con-nuevos-gerentes-de-la-empresa","status":"publish","type":"post","link":"https:\/\/www.radiopresidenteibanez.cl\/web\/sindicato-de-trabajadores-de-enap-sostuvo-reuniones-de-trabajo-con-nuevos-gerentes-de-la-empresa\/","title":{"rendered":"SINDICATO DE TRABAJADORES DE ENAP SOSTUVO REUNIONES DE TRABAJO CON NUEVOS GERENTES DE LA EMPRESA"},"content":{"rendered":"\n<p>Dos importantes reuniones de trabajo sostuvieron la directiva del sindicato de trabajadores<br>Enap Magallanes, del cual la componen Pedro Hernandez, Rodrigo Leiva, Graciela Vasquez y<br>el presidente Carlos Aro. Dentro de los cambios estructurales que se est\u00e1n produciendo al<br>interior de la estatal se presentaron ante los dirigentes sindicales los nuevos gerentes<br>corporativos para sostener una mesa de trabajo con el fin de mejorar las pr\u00e1cticas laborales en<br>Magallanes. Se trata de Douglas Sequeira, el nuevo gerente de seguridad y salud ocupacional<br>y Jos\u00e9 Pablo Gomez, quien ejerce como gerente corporativo de finanzas.<br>El primer encuentro se produjo con Douglas Sequeira, donde se abordaron temas de<br>ordenamiento estructural al interior de la filial de Enap en Magallanes con afectaci\u00f3n a sus<br>trabajadores y trabajadoras. Al mismo tiempo se plante\u00f3 la preocupaci\u00f3n por la falta de<br>reportes en materias de incidentes operacionales que preocupan a la organizaci\u00f3n, como<br>tambi\u00e9n un redise\u00f1o en la forma de trabajar mayormente en las faenas de terreno.<br>Por otra parte, los sindicalistas tambi\u00e9n sostuvieron una mesa de trabajo con Jos\u00e9 Pablo<br>Gomez, quien se encuentra reci\u00e9n asumido como gerente de Finanzas, y Mar\u00eda Francisca<br>Dominguez, gerenta corporativo del departamento jur\u00eddico. La organizaci\u00f3n expres\u00f3 sus<br>inquietudes con respecto a que este equipo hoy depende del corporativo sin representaci\u00f3n<br>local en materia de decisiones. Carlos expres\u00f3, la necesidad de robustecer el equipo en la<br>regi\u00f3n dado que se han obtenido buenos resultados en el \u00faltimo para la empresa, pero que sin<br>embargo hay que cuidar los recursos de una empresa que le pertenece a todos los chilenos y<br>chilenas. Asi mismo, se destac\u00f3 el rol de los trabajadores enapinos en Magallanes que<br>cumplen funciones en lo extenso de nuestro territorio.<\/p>\n","protected":false},"excerpt":{"rendered":"<p>Dos importantes reuniones de trabajo sostuvieron la directiva del sindicato de trabajadoresEnap Magallanes, del cual la componen Pedro Hernandez, Rodrigo Leiva, Graciela Vasquez yel presidente Carlos Aro. Dentro de los&#8230; <a class=\"read-more\" href=\"https:\/\/www.radiopresidenteibanez.cl\/web\/sindicato-de-trabajadores-de-enap-sostuvo-reuniones-de-trabajo-con-nuevos-gerentes-de-la-empresa\/\">Leer m\u00e1s<\/a><\/p>\n","protected":false},"author":2,"featured_media":35395,"comment_status":"closed","ping_status":"closed","sticky":false,"template":"","format":"standard","meta":{"footnotes":""},"categories":[1],"tags":[],"class_list":["post-35394","post","type-post","status-publish","format-standard","has-post-thumbnail","hentry","category-cronica"],"_links":{"self":[{"href":"https:\/\/www.radiopresidenteibanez.cl\/web\/wp-json\/wp\/v2\/posts\/35394","targetHints":{"allow":["GET"]}}],"collection":[{"href":"https:\/\/www.radiopresidenteibanez.cl\/web\/wp-json\/wp\/v2\/posts"}],"about":[{"href":"https:\/\/www.radiopresidenteibanez.cl\/web\/wp-json\/wp\/v2\/types\/post"}],"author":[{"embeddable":true,"href":"https:\/\/www.radiopresidenteibanez.cl\/web\/wp-json\/wp\/v2\/users\/2"}],"replies":[{"embeddable":true,"href":"https:\/\/www.radiopresidenteibanez.cl\/web\/wp-json\/wp\/v2\/comments?post=35394"}],"version-history":[{"count":0,"href":"https:\/\/www.radiopresidenteibanez.cl\/web\/wp-json\/wp\/v2\/posts\/35394\/revisions"}],"wp:featuredmedia":[{"embeddable":true,"href":"https:\/\/www.radiopresidenteibanez.cl\/web\/wp-json\/wp\/v2\/media\/35395"}],"wp:attachment":[{"href":"https:\/\/www.radiopresidenteibanez.cl\/web\/wp-json\/wp\/v2\/media?parent=35394"}],"wp:term":[{"taxonomy":"category","embeddable":true,"href":"https:\/\/www.radiopresidenteibanez.cl\/web\/wp-json\/wp\/v2\/categories?post=35394"},{"taxonomy":"post_tag","embeddable":true,"href":"https:\/\/www.radiopresidenteibanez.cl\/web\/wp-json\/wp\/v2\/tags?post=35394"}],"curies":[{"name":"wp","href":"https:\/\/api.w.org\/{rel}","templated":true}]}}