{"id":35391,"date":"2022-12-07T16:44:00","date_gmt":"2022-12-07T19:44:00","guid":{"rendered":"https:\/\/www.radiopresidenteibanez.cl\/web\/?p=35391"},"modified":"2022-12-07T15:48:12","modified_gmt":"2022-12-07T18:48:12","slug":"con-presentaciones-en-vivo-y-mas-de-37-stand-se-realizara-la-tercera-feria-para-las-personas-mayores-del-municipio-de-punta-arenas","status":"publish","type":"post","link":"https:\/\/www.radiopresidenteibanez.cl\/web\/con-presentaciones-en-vivo-y-mas-de-37-stand-se-realizara-la-tercera-feria-para-las-personas-mayores-del-municipio-de-punta-arenas\/","title":{"rendered":"CON PRESENTACIONES EN VIVO Y MAS DE 37 STAND SE REALIZARA LA TERCERA FERIA PARA LAS PERSONAS MAYORES DEL MUNICIPIO DE PUNTA ARENAS"},"content":{"rendered":"\n<p>Este s\u00e1bado (10 de diciembre), entre las 15 y 19 horas, se llevar\u00e1 a cabo la tercera versi\u00f3n de la Feria para las Personas Mayores, organizada desde la Direcci\u00f3n de Desarrollo Comunitario del Municipio de Punta Arenas, en la escuela Portugal (Ingreso por calle Chilo\u00e9).<br>La actividad contar\u00e1 con 37 stand y presentaciones en vivo, donde los usuarios de la Unidad del Adulto Mayor mostrar\u00e1n los productos y actividades realizadas en los distintos talleres durante el a\u00f1o, adem\u00e1s de contar con la presencia de distintos clubes y agrupaciones de adultos mayores asociados a la unidad.<br>La muestra exhibir\u00e1 productos como bordados, camineros, pinturas, objetos con t\u00e9cnica decoupage, pa\u00f1os de loza, costuras, manualidades navide\u00f1as, zapatitos en lana, retablos, amigurumi, atrapavientos, boinas, bordado en esterilla, bisuter\u00eda, adem\u00e1s de galletas, mermeladas, tortas, queques, entre otros.<br>Adem\u00e1s, en el escenario, los asistentes podr\u00e1n apreciar las presentaciones de tango, gimnasia, taller de canto, activaci\u00f3n de la memoria, guitarra, mente activa, percusi\u00f3n latina, teatro, entre muchos otros, que dar\u00e1n vida a la feria.<br>En la oportunidad, tambi\u00e9n se realizar\u00e1 la premiaci\u00f3n de los participantes de los distintos talleres del Adulto Mayor que se realizaron durante el a\u00f1o.<br><\/p>\n","protected":false},"excerpt":{"rendered":"<p>Este s\u00e1bado (10 de diciembre), entre las 15 y 19 horas, se llevar\u00e1 a cabo la tercera versi\u00f3n de la Feria para las Personas Mayores, organizada desde la Direcci\u00f3n de&#8230; <a class=\"read-more\" href=\"https:\/\/www.radiopresidenteibanez.cl\/web\/con-presentaciones-en-vivo-y-mas-de-37-stand-se-realizara-la-tercera-feria-para-las-personas-mayores-del-municipio-de-punta-arenas\/\">Leer m\u00e1s<\/a><\/p>\n","protected":false},"author":2,"featured_media":35392,"comment_status":"closed","ping_status":"closed","sticky":false,"template":"","format":"standard","meta":{"footnotes":""},"categories":[1],"tags":[],"class_list":["post-35391","post","type-post","status-publish","format-standard","has-post-thumbnail","hentry","category-cronica"],"_links":{"self":[{"href":"https:\/\/www.radiopresidenteibanez.cl\/web\/wp-json\/wp\/v2\/posts\/35391","targetHints":{"allow":["GET"]}}],"collection":[{"href":"https:\/\/www.radiopresidenteibanez.cl\/web\/wp-json\/wp\/v2\/posts"}],"about":[{"href":"https:\/\/www.radiopresidenteibanez.cl\/web\/wp-json\/wp\/v2\/types\/post"}],"author":[{"embeddable":true,"href":"https:\/\/www.radiopresidenteibanez.cl\/web\/wp-json\/wp\/v2\/users\/2"}],"replies":[{"embeddable":true,"href":"https:\/\/www.radiopresidenteibanez.cl\/web\/wp-json\/wp\/v2\/comments?post=35391"}],"version-history":[{"count":0,"href":"https:\/\/www.radiopresidenteibanez.cl\/web\/wp-json\/wp\/v2\/posts\/35391\/revisions"}],"wp:featuredmedia":[{"embeddable":true,"href":"https:\/\/www.radiopresidenteibanez.cl\/web\/wp-json\/wp\/v2\/media\/35392"}],"wp:attachment":[{"href":"https:\/\/www.radiopresidenteibanez.cl\/web\/wp-json\/wp\/v2\/media?parent=35391"}],"wp:term":[{"taxonomy":"category","embeddable":true,"href":"https:\/\/www.radiopresidenteibanez.cl\/web\/wp-json\/wp\/v2\/categories?post=35391"},{"taxonomy":"post_tag","embeddable":true,"href":"https:\/\/www.radiopresidenteibanez.cl\/web\/wp-json\/wp\/v2\/tags?post=35391"}],"curies":[{"name":"wp","href":"https:\/\/api.w.org\/{rel}","templated":true}]}}