{"id":35381,"date":"2022-12-07T12:23:00","date_gmt":"2022-12-07T15:23:00","guid":{"rendered":"https:\/\/www.radiopresidenteibanez.cl\/web\/?p=35381"},"modified":"2022-12-07T10:55:50","modified_gmt":"2022-12-07T13:55:50","slug":"cne-realizo-audiencia-publica-en-proceso-de-tarificacion-del-servicio-del-gas-en-magallanes","status":"publish","type":"post","link":"https:\/\/www.radiopresidenteibanez.cl\/web\/cne-realizo-audiencia-publica-en-proceso-de-tarificacion-del-servicio-del-gas-en-magallanes\/","title":{"rendered":"CNE REALIZO AUDIENCIA PUBLICA EN PROCESO DE TARIFICACION DEL SERVICIO DEL GAS EN MAGALLANES"},"content":{"rendered":"\n<p>En el marco del Proceso de Tarificaci\u00f3n del Servicio de Gas y Servicios Afines en Magallanes y la Ant\u00e1rtica Chilena, la Comisi\u00f3n Nacional de Energ\u00eda (CNE) realiz\u00f3 en Punta Arenas la audiencia p\u00fablica establecida en la Ley de Servicios de Gas, donde se mostraron los resultados del Estudio de Costos, a cargo de la consultora Inecon en un proceso iniciado en septiembre de 2021.<\/p>\n\n\n\n<p>Este es el segundo proceso de fijaci\u00f3n de tarifas para el Valor Agregado de Distribuci\u00f3n (VAD) de los servicios de gas y servicios afines de la regi\u00f3n, cuyos resultados tendr\u00e1n aplicaci\u00f3n en el cuatrienio 2024-2028.<\/p>\n\n\n\n<p>El Estudio de Costos para el proceso tarifario de servicios de gas y servicios afines es el primer insumo que tiene la CNE para la realizaci\u00f3n de su Informe T\u00e9cnico Preliminar y su objeto es estimar el Valor Agregado de Distribuci\u00f3n (VAD), el Valor del Gas al Ingreso del Sistema de Distribuci\u00f3n (VGISD) y el costo unitario de los Servicios Afines.<\/p>\n\n\n\n<p>Los principales contenidos del Estudio abordaron las variables que componen el VAD, como la proyecci\u00f3n de demanda, costos de inversi\u00f3n, costos de explotaci\u00f3n, plan de expansi\u00f3n y aporte de terceros.<\/p>\n\n\n\n<p>La realizaci\u00f3n de la audiencia fue resaltada por Marco Antonio Mancilla, Secretario Ejecutivo de la CNE: \u201cPosterior a esta audiencia hay instancias de an\u00e1lisis para la elaboraci\u00f3n del Informe T\u00e9cnico Preliminar, el que se emitir\u00e1 a fines del mes de enero de 2023, y luego observaciones y eventuales discrepancias ante Panel de Expertos por parte de los participantes del registro y de la empresa concesionaria, para finalmente decantar en un propuesta de decreto tarifario que presenta la CNE al Ministerio de Energ\u00eda, lo que estimamos ocurrir\u00e1 a fines del primer semestre de 2023\u201d.<\/p>\n\n\n\n<p>La Seremi de Energ\u00eda de Magallanes, Mar\u00eda Luisa Ojeda, se\u00f1al\u00f3 por su parte que, \u201cel cronograma de actividades dispuestas para el proceso de tarificaci\u00f3n se ha ido cumpliendo paso a paso, seg\u00fan los lineamientos establecidos. Hoy se ha avanzado una etapa m\u00e1s con esta audiencia p\u00fablica realizada en la ciudad de Punta Arenas\u201d.<\/p>\n\n\n\n<p>De acuerdo con la Resoluci\u00f3n Exenta de la CNE, N\u00b0854 de 2022, los participantes que son parte del registro de participaci\u00f3n de la audiencia p\u00fablica podr\u00e1n enviar sus observaciones por escrito, de acuerdo con el formato establecido, hasta el mi\u00e9rcoles 21 de diciembre al correo:&nbsp;<a href=\"mailto:tarificaciongasmagallanes@cne.cl\" target=\"_blank\" rel=\"noreferrer noopener\">tarificaciongasmagallanes@cne.cl<\/a>.<\/p>\n","protected":false},"excerpt":{"rendered":"<p>En el marco del Proceso de Tarificaci\u00f3n del Servicio de Gas y Servicios Afines en Magallanes y la Ant\u00e1rtica Chilena, la Comisi\u00f3n Nacional de Energ\u00eda (CNE) realiz\u00f3 en Punta Arenas&#8230; <a class=\"read-more\" href=\"https:\/\/www.radiopresidenteibanez.cl\/web\/cne-realizo-audiencia-publica-en-proceso-de-tarificacion-del-servicio-del-gas-en-magallanes\/\">Leer m\u00e1s<\/a><\/p>\n","protected":false},"author":2,"featured_media":35382,"comment_status":"closed","ping_status":"closed","sticky":false,"template":"","format":"standard","meta":{"footnotes":""},"categories":[1],"tags":[],"class_list":["post-35381","post","type-post","status-publish","format-standard","has-post-thumbnail","hentry","category-cronica"],"_links":{"self":[{"href":"https:\/\/www.radiopresidenteibanez.cl\/web\/wp-json\/wp\/v2\/posts\/35381","targetHints":{"allow":["GET"]}}],"collection":[{"href":"https:\/\/www.radiopresidenteibanez.cl\/web\/wp-json\/wp\/v2\/posts"}],"about":[{"href":"https:\/\/www.radiopresidenteibanez.cl\/web\/wp-json\/wp\/v2\/types\/post"}],"author":[{"embeddable":true,"href":"https:\/\/www.radiopresidenteibanez.cl\/web\/wp-json\/wp\/v2\/users\/2"}],"replies":[{"embeddable":true,"href":"https:\/\/www.radiopresidenteibanez.cl\/web\/wp-json\/wp\/v2\/comments?post=35381"}],"version-history":[{"count":0,"href":"https:\/\/www.radiopresidenteibanez.cl\/web\/wp-json\/wp\/v2\/posts\/35381\/revisions"}],"wp:featuredmedia":[{"embeddable":true,"href":"https:\/\/www.radiopresidenteibanez.cl\/web\/wp-json\/wp\/v2\/media\/35382"}],"wp:attachment":[{"href":"https:\/\/www.radiopresidenteibanez.cl\/web\/wp-json\/wp\/v2\/media?parent=35381"}],"wp:term":[{"taxonomy":"category","embeddable":true,"href":"https:\/\/www.radiopresidenteibanez.cl\/web\/wp-json\/wp\/v2\/categories?post=35381"},{"taxonomy":"post_tag","embeddable":true,"href":"https:\/\/www.radiopresidenteibanez.cl\/web\/wp-json\/wp\/v2\/tags?post=35381"}],"curies":[{"name":"wp","href":"https:\/\/api.w.org\/{rel}","templated":true}]}}