{"id":3538,"date":"2019-04-20T18:21:23","date_gmt":"2019-04-20T18:21:23","guid":{"rendered":"http:\/\/www.radiopresidenteibanez.cl\/web\/?p=3538"},"modified":"2019-04-20T18:21:47","modified_gmt":"2019-04-20T18:21:47","slug":"gabinete-regional-le-pone-el-hombro-al-invierno-y-reitera-importancia-que-grupos-objetivos-se-vacunen-lo-antes-posible-contra-la-influenza","status":"publish","type":"post","link":"https:\/\/www.radiopresidenteibanez.cl\/web\/gabinete-regional-le-pone-el-hombro-al-invierno-y-reitera-importancia-que-grupos-objetivos-se-vacunen-lo-antes-posible-contra-la-influenza\/","title":{"rendered":"GABINETE REGIONAL LE \u201cPONE EL HOMBRO\u201d AL INVIERNO Y REITERA IMPORTANCIA QUE GRUPOS OBJETIVOS SE VACUNEN LO ANTES POSIBLE CONTRA LA INFLUENZA"},"content":{"rendered":"\n<p>El\nGabinete Regional de Magallanes no quiso quedar ausente de la Vacunaci\u00f3n contra\nla influenza y se adhiri\u00f3 a esta importante Campa\u00f1a de Salud P\u00fablica que tiene\ncomo objetivo proteger a la poblaci\u00f3n de las complicaciones que puede ocasionar\nesta enfermedad, realizando un llamado a los grupos beneficiarios a acudir a la\nbrevedad a vacunarse para estar protegidos en el invierno.<\/p>\n\n\n\n<p>El\nIntendente de Magallanes, Jos\u00e9 Fern\u00e1ndez, manifest\u00f3 que \u201ces importante que los\ngrupos objetivos acudan a vacunarse porque la influenza no es una gripe menor, y\npuede ocasionar incluso hasta la muerte en algunas personas, por lo tanto, hay\nque tomar conciencia de la gravedad que puede tener esta enfermedad. El\nGobierno est\u00e1 generando esta campa\u00f1a de vacunaci\u00f3n que es gratis, por lo que\nhay que tomar estas opciones que van en beneficio de la comunidad\u201d. &nbsp;<\/p>\n\n\n\n<p>A\nsu vez, la SEREMI de Salud de Magallanes, Mariela Rojas, reiter\u00f3 el llamado a\nla poblaci\u00f3n objetivo a acudir a la brevedad a los vacunatorios p\u00fablicos y\nprivados en convenio, recordando que una vez administrada la vacuna se\nnecesitan aproximadamente dos semanas para que el cuerpo genere las defensas necesarias.\nPor este motivo es relevante que la comunidad se vacune lo antes posible para\nestar preparadas para el invierno, periodo en que aumenta la circulaci\u00f3n de\nvirus respiratorios.<\/p>\n\n\n\n<p>Los\np\u00fablicos objetivos de la Campa\u00f1a de Vacunaci\u00f3n contra la Influenza son:\nembarazadas, a partir de la 13\u00aa semana de gestaci\u00f3n; ni\u00f1as y ni\u00f1os de entre 6\nmeses a 5 a\u00f1os, 11 meses y 29 d\u00edas; personas de 65 y m\u00e1s a\u00f1os; trabajadores\nav\u00edcolas y de criaderos de cerdos, enfermos cr\u00f3nicos entre 6 y 64 a\u00f1os y todos\nlos trabajadores, voluntarios o estudiantes que desempe\u00f1an labores en\nestablecimientos asistenciales p\u00fablicos o privados de la salud, adem\u00e1s de\npoblaci\u00f3n priorizada regionalmente.<\/p>\n\n\n\n<p>En\nMagallanes la poblaci\u00f3n objetivo para este a\u00f1o es de&nbsp;58.798 personas. Al 17\nde abril la cobertura regional es de un 41,7%, siendo a nivel nacional de un 51,1%.<\/p>\n\n\n\n<p><strong>\u00bfD\u00f3nde\nse administra la vacuna?<\/strong><\/p>\n\n\n\n<ul class=\"wp-block-list\"><li>En todos los\nestablecimientos de atenci\u00f3n primaria del sistema p\u00fablico de salud. <\/li><li>En todos los vacunatorios\ndel sector privado en convenio con la SEREMI de Salud (Cl\u00ednica Magallanes y\nMegasalud)<\/li><li>Los equipos de salud de los\nCESFAM se trasladan adem\u00e1s a colegios, jardines infantiles y otros lugares en\nlos que se concentra poblaci\u00f3n prioritaria para la campa\u00f1a (Hogares de Adultos\nMayores, por ejemplo)<\/li><\/ul>\n\n\n\n<p><strong>\u00bfCu\u00e1nto cuesta la vacuna?<\/strong><\/p>\n\n\n\n<p>La vacuna no tiene costo paralas personas pertenecientes a los grupos objetivo, sean ellas beneficiarias de FONASA, ISAPRE y Fuerzas Armadas independientemente del vacunatorio al que acudan. <\/p>\n\n\n\n<figure class=\"wp-block-image\"><img loading=\"lazy\" decoding=\"async\" width=\"1024\" height=\"683\" src=\"http:\/\/www.radiopresidenteibanez.cl\/web\/wp-content\/uploads\/2019\/04\/ROD_4742-Copiar-1024x683.jpg\" alt=\"\" class=\"wp-image-3539\" srcset=\"https:\/\/www.radiopresidenteibanez.cl\/web\/wp-content\/uploads\/2019\/04\/ROD_4742-Copiar-1024x683.jpg 1024w, https:\/\/www.radiopresidenteibanez.cl\/web\/wp-content\/uploads\/2019\/04\/ROD_4742-Copiar-300x200.jpg 300w, https:\/\/www.radiopresidenteibanez.cl\/web\/wp-content\/uploads\/2019\/04\/ROD_4742-Copiar-768x512.jpg 768w, https:\/\/www.radiopresidenteibanez.cl\/web\/wp-content\/uploads\/2019\/04\/ROD_4742-Copiar.jpg 1152w\" sizes=\"auto, (max-width: 1024px) 100vw, 1024px\" \/><\/figure>\n","protected":false},"excerpt":{"rendered":"<p>El Gabinete Regional de Magallanes no quiso quedar ausente de la Vacunaci\u00f3n contra la influenza y se adhiri\u00f3 a esta importante Campa\u00f1a de Salud P\u00fablica que tiene como objetivo proteger&#8230; <a class=\"read-more\" href=\"https:\/\/www.radiopresidenteibanez.cl\/web\/gabinete-regional-le-pone-el-hombro-al-invierno-y-reitera-importancia-que-grupos-objetivos-se-vacunen-lo-antes-posible-contra-la-influenza\/\">Leer m\u00e1s<\/a><\/p>\n","protected":false},"author":2,"featured_media":3539,"comment_status":"closed","ping_status":"closed","sticky":false,"template":"","format":"standard","meta":{"footnotes":""},"categories":[1],"tags":[],"class_list":["post-3538","post","type-post","status-publish","format-standard","has-post-thumbnail","hentry","category-cronica"],"_links":{"self":[{"href":"https:\/\/www.radiopresidenteibanez.cl\/web\/wp-json\/wp\/v2\/posts\/3538","targetHints":{"allow":["GET"]}}],"collection":[{"href":"https:\/\/www.radiopresidenteibanez.cl\/web\/wp-json\/wp\/v2\/posts"}],"about":[{"href":"https:\/\/www.radiopresidenteibanez.cl\/web\/wp-json\/wp\/v2\/types\/post"}],"author":[{"embeddable":true,"href":"https:\/\/www.radiopresidenteibanez.cl\/web\/wp-json\/wp\/v2\/users\/2"}],"replies":[{"embeddable":true,"href":"https:\/\/www.radiopresidenteibanez.cl\/web\/wp-json\/wp\/v2\/comments?post=3538"}],"version-history":[{"count":0,"href":"https:\/\/www.radiopresidenteibanez.cl\/web\/wp-json\/wp\/v2\/posts\/3538\/revisions"}],"wp:featuredmedia":[{"embeddable":true,"href":"https:\/\/www.radiopresidenteibanez.cl\/web\/wp-json\/wp\/v2\/media\/3539"}],"wp:attachment":[{"href":"https:\/\/www.radiopresidenteibanez.cl\/web\/wp-json\/wp\/v2\/media?parent=3538"}],"wp:term":[{"taxonomy":"category","embeddable":true,"href":"https:\/\/www.radiopresidenteibanez.cl\/web\/wp-json\/wp\/v2\/categories?post=3538"},{"taxonomy":"post_tag","embeddable":true,"href":"https:\/\/www.radiopresidenteibanez.cl\/web\/wp-json\/wp\/v2\/tags?post=3538"}],"curies":[{"name":"wp","href":"https:\/\/api.w.org\/{rel}","templated":true}]}}