{"id":35375,"date":"2022-12-07T10:28:00","date_gmt":"2022-12-07T13:28:00","guid":{"rendered":"https:\/\/www.radiopresidenteibanez.cl\/web\/?p=35375"},"modified":"2022-12-07T08:45:45","modified_gmt":"2022-12-07T11:45:45","slug":"uando-se-cree-que-por-fin-llega-la-reactivacion-algo-ocurre-y-el-turismo-se-vuelve-a-desplomar-en-magallanes","status":"publish","type":"post","link":"https:\/\/www.radiopresidenteibanez.cl\/web\/uando-se-cree-que-por-fin-llega-la-reactivacion-algo-ocurre-y-el-turismo-se-vuelve-a-desplomar-en-magallanes\/","title":{"rendered":"UANDO SE CREE QUE POR FIN LLEGA LA REACTIVACION, ALGO OCURRE Y EL TURISMO SE VUELVE A DESPLOMAR EN MAGALLANES"},"content":{"rendered":"\n<p>La recuperaci\u00f3n del turismo ha sido lenta, desigual e interrumpida por todas las situaciones externas que afectan a este sector. Los m\u00e1s de 15 mil trabajadores directos de esta \u00e1rea productiva en Magallanes y todas las micro y peque\u00f1as empresas de servicios tur\u00edsticos entienden muy bien que se trata de una actividad que ha transitado por complejas situaciones que han afectado en reiteradas ocasiones sus empleos e ingresos. Los que dependen de la actividad tur\u00edstica han experimentado a trav\u00e9s de los a\u00f1os diferentes crisis ambientales, econ\u00f3micas, sociales, sanitarias y sindicalistas que han obstaculizado el desarrollo del sector. \u00bfSer\u00e1 que los representantes de los diferentes gobiernos de turno no poseen esta sensibilidad?, \u00bfCu\u00e1nto pesa realmente el turismo para las autoridades en Magallanes? \u00c9stas, entre otras frecuentes interrogantes se plantea el sector tur\u00edstico regional.<\/p>\n\n\n\n<p><strong>\u00bfCu\u00e1nto se ha aprendido de las crisis que afectan al sector turismo?<\/strong><\/p>\n\n\n\n<p>Desde la representaci\u00f3n empresarial y a nivel regional, los diferentes gremios del turismo critican la falta de visi\u00f3n del gobierno, la poca atenci\u00f3n y la escasa asignaci\u00f3n de recursos en apoyo a este sector, toda vez que es golpeado e interrumpido en su desarrollo. \u201cSentimos que el sector p\u00fablico no reacciona, no ofrece medidas de contenci\u00f3n, no entiende a qui\u00e9nes afecta cada crisis y no dimensiona qu\u00e9 tan duro puede afectar a la econom\u00eda local el no poder acercarnos a una real recuperaci\u00f3n tur\u00edstica\u201d, se\u00f1ala Adriana Aguilar Lagos, gerente de la C\u00e1mara de Turismo de \u00daltima Esperanza.<\/p>\n\n\n\n<p>De a poco los diferentes sectores productivos se normalizaron y se desarrollaron en los momentos m\u00e1s cr\u00edticos de la pandemia, mientras que un listado recurrente de temas de contingencia sigue sin avanzar, provocando que este sector a\u00fan se encuentre en etapa inicial de recuperaci\u00f3n. &nbsp;<\/p>\n\n\n\n<p><strong>\u00bfQu\u00e9 planes o medidas de contingencia ofrece el sector p\u00fablico para normalizar la actividad tur\u00edstica?<\/strong><\/p>\n\n\n\n<p>La normalizaci\u00f3n de actividad tur\u00edstica depende de muchos apoyos que se requieren de manera urgente. Estos apoyos no se han recibido despu\u00e9s de cada crisis, por tanto, se sigue solicitando: m\u00e1s recursos para promoci\u00f3n, mejor conectividad e infraestructura, mejoramiento de rutas tur\u00edsticas, habilitaci\u00f3n de todos los pasos fronterizos de la regi\u00f3n con horarios y dotaci\u00f3n de personal acorde con la necesidad, instrumentos de fomento productivo, incentivos para la incorporaci\u00f3n de talento humano, coordinaci\u00f3n p\u00fablico &#8211; privada y en especial, mejorar la coordinaci\u00f3n entre los organismos p\u00fablicos.<\/p>\n\n\n\n<p>Han jugado en contra distintos cambios en el escenario internacional que afecta al turismo de Magallanes, que depende fuertemente de los turistas extranjeros. Lo primero es recordar que Chile fue el \u00faltimo pa\u00eds en el mundo en minimizar las restricciones sanitarias para ingresar al territorio y eso nos dej\u00f3 fuera de la visibilizaci\u00f3n de destinos internacionales por mucho tiempo. Adem\u00e1s, se debe considerar que los principales pa\u00edses que llegan a la Patagonia est\u00e1n experimentando una desaceleraci\u00f3n generalizada y m\u00e1s acentuada de lo previsto, con la inflaci\u00f3n m\u00e1s alta registrada en varios decenios en la actividad econ\u00f3mica a nivel mundial.<\/p>\n\n\n\n<p>El contexto nacional tampoco queda fuera de an\u00e1lisis cuando de recuperaci\u00f3n tur\u00edstica de Magallanes se trata. Hay que recordar que han pasado s\u00f3lo 2 meses desde que se minimizaron las restricciones sanitarias para ingresar al pa\u00eds y dos meses desde que se elimin\u00f3 la mascarilla. Adem\u00e1s, los pasos fronterizos a\u00fan no est\u00e1n completamente operativos en el pa\u00eds y en la regi\u00f3n hay limitaci\u00f3n en sus horarios de atenci\u00f3n. Se suma a lo anterior, la situaci\u00f3n de crisis social que vive Chile, la cual se mantiene en el tiempo. Por otro lado, las tarifas a\u00e9reas excesivamente elevadas desmotivan la llegada de chilenos a la regi\u00f3n. Basta con comparar precios desde Santiago hacia el norte con los precios desde Santiago a Magallanes e incluso, se puede realizar la comparaci\u00f3n desde Santiago a pa\u00edses vecinos y comparar con las tarifas hacia Magallanes. Al mismo tiempo, se debe considerar que esta regi\u00f3n fue la \u00faltima en iniciar la recuperaci\u00f3n tur\u00edstica en Chile por la situaci\u00f3n cr\u00edtica sanitaria que se tuvo en varios momentos, por la caracter\u00edstica propia de regi\u00f3n aislada que requiere de conectividad a\u00e9rea, por la compleja accesibilidad al destino por otras v\u00edas de ingreso, por la falta de promoci\u00f3n y una serie de dificultades externas que logr\u00f3 entender muy tarde el gobierno anterior y con las que a\u00fan no las interioriza el gobierno actual.<\/p>\n\n\n\n<p>Por todo lo anterior, se cree que el n\u00famero de turistas extranjeros ser\u00e1 bajo en comparaci\u00f3n a temporadas previas a la pandemia y que el gasto del turista nacional ser\u00e1 moderado y coherente a la situaci\u00f3n econ\u00f3mica actual que vive Chile.<\/p>\n","protected":false},"excerpt":{"rendered":"<p>La recuperaci\u00f3n del turismo ha sido lenta, desigual e interrumpida por todas las situaciones externas que afectan a este sector. Los m\u00e1s de 15 mil trabajadores directos de esta \u00e1rea&#8230; <a class=\"read-more\" href=\"https:\/\/www.radiopresidenteibanez.cl\/web\/uando-se-cree-que-por-fin-llega-la-reactivacion-algo-ocurre-y-el-turismo-se-vuelve-a-desplomar-en-magallanes\/\">Leer m\u00e1s<\/a><\/p>\n","protected":false},"author":2,"featured_media":35376,"comment_status":"closed","ping_status":"closed","sticky":false,"template":"","format":"standard","meta":{"footnotes":""},"categories":[1],"tags":[],"class_list":["post-35375","post","type-post","status-publish","format-standard","has-post-thumbnail","hentry","category-cronica"],"_links":{"self":[{"href":"https:\/\/www.radiopresidenteibanez.cl\/web\/wp-json\/wp\/v2\/posts\/35375","targetHints":{"allow":["GET"]}}],"collection":[{"href":"https:\/\/www.radiopresidenteibanez.cl\/web\/wp-json\/wp\/v2\/posts"}],"about":[{"href":"https:\/\/www.radiopresidenteibanez.cl\/web\/wp-json\/wp\/v2\/types\/post"}],"author":[{"embeddable":true,"href":"https:\/\/www.radiopresidenteibanez.cl\/web\/wp-json\/wp\/v2\/users\/2"}],"replies":[{"embeddable":true,"href":"https:\/\/www.radiopresidenteibanez.cl\/web\/wp-json\/wp\/v2\/comments?post=35375"}],"version-history":[{"count":0,"href":"https:\/\/www.radiopresidenteibanez.cl\/web\/wp-json\/wp\/v2\/posts\/35375\/revisions"}],"wp:featuredmedia":[{"embeddable":true,"href":"https:\/\/www.radiopresidenteibanez.cl\/web\/wp-json\/wp\/v2\/media\/35376"}],"wp:attachment":[{"href":"https:\/\/www.radiopresidenteibanez.cl\/web\/wp-json\/wp\/v2\/media?parent=35375"}],"wp:term":[{"taxonomy":"category","embeddable":true,"href":"https:\/\/www.radiopresidenteibanez.cl\/web\/wp-json\/wp\/v2\/categories?post=35375"},{"taxonomy":"post_tag","embeddable":true,"href":"https:\/\/www.radiopresidenteibanez.cl\/web\/wp-json\/wp\/v2\/tags?post=35375"}],"curies":[{"name":"wp","href":"https:\/\/api.w.org\/{rel}","templated":true}]}}