{"id":3535,"date":"2019-04-20T18:16:25","date_gmt":"2019-04-20T18:16:25","guid":{"rendered":"http:\/\/www.radiopresidenteibanez.cl\/web\/?p=3535"},"modified":"2019-04-20T18:16:55","modified_gmt":"2019-04-20T18:16:55","slug":"programa-investigativo-favorece-la-asociatividad-entre-ciencia-y-empresa","status":"publish","type":"post","link":"https:\/\/www.radiopresidenteibanez.cl\/web\/programa-investigativo-favorece-la-asociatividad-entre-ciencia-y-empresa\/","title":{"rendered":"PROGRAMA INVESTIGATIVO FAVORECE LA ASOCIATIVIDAD ENTRE CIENCIA Y EMPRESA"},"content":{"rendered":"\n<p>Una oportunidad \u00fanica para fortalecer la investigaci\u00f3n\ncient\u00edfica en una zona han inh\u00f3spita y extensa como la Patagonia Austral ofrece\nla asociatividad entre representantes del \u00e1mbito p\u00fablico y privado.\n\u201cInvestigaci\u00f3n asociativa y transferencia cient\u00edfico-tecnol\u00f3gica para la\ncapacitaci\u00f3n y la innovaci\u00f3n del sector turismo en la Regi\u00f3n de Magallanes\u201d se\nllama el proyecto que forma parte del Programa de Vinculaci\u00f3n Ciencia Empresa conocido\ncomo VCE Magallanes, y que lidera el MSc. Ernesto Davis Seguic.<\/p>\n\n\n\n<p>Esta iniciativa comenz\u00f3 a ejecutarse el a\u00f1o 2013 y ha\npermitido abarcar un \u00e1mbito de estudio que incluye los fiordos y canales, el\nEstrecho de Magallanes y que llega hasta el Cabo de Hornos.<\/p>\n\n\n\n<p>La log\u00edstica de este programa se fortalece gracias a la\nalianza entre instituciones como la UC de Valpara\u00edso, el Centro de\nInvestigaci\u00f3n en Ecosistemas de la Patagonia (Ciep) de Ays\u00e9n, la Universidad\nAustral de Chile (Uach) a trav\u00e9s del Centro Ideal, Fundaci\u00f3n Ictiol\u00f3gica y el\nProyecto Frontera Azul. En el \u00e1mbito internacional destacan The Field Musseum\nde Chicago y Virginia Tech University, ambos de Estados Unidos.<\/p>\n\n\n\n<p>En el contexto del sector privado, la colaboraci\u00f3n destaca\ncomo socio estrat\u00e9gico al Holding Comapa, a trav\u00e9s de sus cruceros Australis;\nla asociaci\u00f3n Hoteles y Servicios Tur\u00edsticos de Torres del Paine (Hyst), la\nC\u00e1mara de Turismo de Punta Arenas (AustroChile), Universidad Tecnol\u00f3gica de\nChile-Inacap Punta Arenas y las asociaciones gremiales de gu\u00edas de turismo de\nPuerto Natales y Punta Arenas.<\/p>\n\n\n\n<p>El programa es ejecutado por el Centro Regional Fundaci\u00f3n\nCEQUA y cuenta con financiamiento del V Concurso de Proyectos de Vinculaci\u00f3n\nCiencia Empresa del Programa Regional de la Comisi\u00f3n Nacional de Investigaci\u00f3n\nCient\u00edfica y Tecnol\u00f3gica (Conicyt).<\/p>\n\n\n\n<p>\u201cEste programa comenz\u00f3 hace seis a\u00f1os y ha crecido en el\ntiempo, favoreciendo el desarrollo del quehacer cient\u00edfico en la austral Regi\u00f3n\nde Magallanes y apoyando la transferencia de conocimiento a un sector tan\nrelevante de la econom\u00eda local, como el turismo. En estos a\u00f1os hemos logrado\ndesarrollar una serie de iniciativas que han tenido una positiva acogida en la\ncomunidad cient\u00edfica y en el mejoramiento de la oferta del turismo en la\nregi\u00f3n\u201d, argument\u00f3 Ernesto Davis.<\/p>\n\n\n\n<p>La planificaci\u00f3n establecida ha demostrado que la\ninvestigaci\u00f3n se hace incluso m\u00e1s sustentable, con la participaci\u00f3n de\nrepresentantes de universidades e instituciones, adem\u00e1s de representantes del\n\u00e1mbito tur\u00edstico. La programaci\u00f3n ha permitido incluso capacitar a los gu\u00edas de\nturismo, planificaci\u00f3n que el a\u00f1o pasado se fortaleci\u00f3 con el diplomado\n\u201cHistoria Natural de la Regi\u00f3n de Magallanes\u201d acreditado por la Universidad\nTecnol\u00f3gica de Chile-Inacap Punta Arenas.<\/p>\n\n\n\n<p>En la \u00faltima temporada se fortalecieron varias \u00e1reas de\ninvestigaci\u00f3n a trav\u00e9s de distintos monitoreos en rincones muy apartados y de\ndif\u00edcil acceso, acceso facilitado gracias al apoyo log\u00edstico de empresas como\nAustralis, que han confiado en esta apuesta de unir ciencia y turismo, que\nincluso han sido dotados de laboratorios oceanogr\u00e1ficos m\u00f3viles \u00fanicos en\nSudam\u00e9rica.<\/p>\n\n\n\n<p>A trav\u00e9s del tiempo en el que ha operado este Programa de\nVinculaci\u00f3n Ciencia Empresa, se han establecido una serie de investigaciones y\nmonitoreos ambientales a largo plazo. Estos estudios se han desarrollado tanto\nen ambientes terrestres como marinos en todo el gradiente latitudinal de\nnuestra regi\u00f3n con el apoyo asociativo de investigadores, empresas y la\nimportante participaci\u00f3n de los gu\u00edas de turismo.<\/p>\n\n\n\n<p>Susana Mendoza, jefa de Operaciones del Departamento de\nExpedici\u00f3n de Cruceros Australis, resalt\u00f3 que esta asociatividad ha sido\nprovechosa tanto para la empresa como para la ciencia. \u201cEsto ha sido un\ncomplemento positivo para el trabajo de ambos. En el caso de nuestros gu\u00edas, se\nva m\u00e1s all\u00e1 de la informaci\u00f3n somera que se puede encontrar en los libros.\nResaltamos adem\u00e1s el entusiasmo de los gu\u00edas por ayudar en los monitoreos de\nlos investigadores que abordan nuestros cruceros, y que transfieren los\naprendido a los pasajeros\u201d, afirm\u00f3.<\/p>\n\n\n\n<p>\u201cHay que educar para conocer y para eso hay que investigar.\nEntonces nos preocupamos de ense\u00f1arle al pasajero sobre tem\u00e1ticas como cambio\nclim\u00e1tico, Cordillera Darwin y los glaciares australes. El turismo y la ciencia\ndeben ir de la mano. El turismo cient\u00edfico tiene mucho por descubrir\u201d,\nenfatiz\u00f3.<\/p>\n\n\n\n<p>Eduardo Camelio, presidente de AustroChile, resalt\u00f3 \u201cel\nc\u00edrculo virtuoso que se logra a trav\u00e9s de la alianza entre ciencia y turismo.\nEn 2013 esto parti\u00f3 con el apoyo de una empresa y ahora se ha abierto a m\u00e1s\nsectores y ha beneficiado a m\u00e1s empresas y m\u00e1s gu\u00edas. Llamo a continuar con el\nprograma, porque hay que seguir investigando\u201d.<\/p>\n\n\n\n<p>En tanto que Ximena Castro, directora regional del Servicio Nacional de Turismo (Sernatur),\u00a0 valor\u00f3 las caracter\u00edsticas del Programa VCE, que va en la l\u00ednea con el fortalecimiento de los productos tur\u00edsticos y con la diversificaci\u00f3n de las alternativas que ofrece la regi\u00f3n, a trav\u00e9s del turismo cient\u00edfico y del buceo en aguas australes.<\/p>\n\n\n\n<figure class=\"wp-block-image\"><img loading=\"lazy\" decoding=\"async\" width=\"640\" height=\"428\" src=\"http:\/\/www.radiopresidenteibanez.cl\/web\/wp-content\/uploads\/2019\/04\/ernesto-davis_marcando-plantas.jpg\" alt=\"\" class=\"wp-image-3536\" srcset=\"https:\/\/www.radiopresidenteibanez.cl\/web\/wp-content\/uploads\/2019\/04\/ernesto-davis_marcando-plantas.jpg 640w, https:\/\/www.radiopresidenteibanez.cl\/web\/wp-content\/uploads\/2019\/04\/ernesto-davis_marcando-plantas-300x201.jpg 300w\" sizes=\"auto, (max-width: 640px) 100vw, 640px\" \/><\/figure>\n","protected":false},"excerpt":{"rendered":"<p>Una oportunidad \u00fanica para fortalecer la investigaci\u00f3n cient\u00edfica en una zona han inh\u00f3spita y extensa como la Patagonia Austral ofrece la asociatividad entre representantes del \u00e1mbito p\u00fablico y privado. \u201cInvestigaci\u00f3n&#8230; <a class=\"read-more\" href=\"https:\/\/www.radiopresidenteibanez.cl\/web\/programa-investigativo-favorece-la-asociatividad-entre-ciencia-y-empresa\/\">Leer m\u00e1s<\/a><\/p>\n","protected":false},"author":2,"featured_media":3536,"comment_status":"closed","ping_status":"closed","sticky":false,"template":"","format":"standard","meta":{"footnotes":""},"categories":[1],"tags":[],"class_list":["post-3535","post","type-post","status-publish","format-standard","has-post-thumbnail","hentry","category-cronica"],"_links":{"self":[{"href":"https:\/\/www.radiopresidenteibanez.cl\/web\/wp-json\/wp\/v2\/posts\/3535","targetHints":{"allow":["GET"]}}],"collection":[{"href":"https:\/\/www.radiopresidenteibanez.cl\/web\/wp-json\/wp\/v2\/posts"}],"about":[{"href":"https:\/\/www.radiopresidenteibanez.cl\/web\/wp-json\/wp\/v2\/types\/post"}],"author":[{"embeddable":true,"href":"https:\/\/www.radiopresidenteibanez.cl\/web\/wp-json\/wp\/v2\/users\/2"}],"replies":[{"embeddable":true,"href":"https:\/\/www.radiopresidenteibanez.cl\/web\/wp-json\/wp\/v2\/comments?post=3535"}],"version-history":[{"count":0,"href":"https:\/\/www.radiopresidenteibanez.cl\/web\/wp-json\/wp\/v2\/posts\/3535\/revisions"}],"wp:featuredmedia":[{"embeddable":true,"href":"https:\/\/www.radiopresidenteibanez.cl\/web\/wp-json\/wp\/v2\/media\/3536"}],"wp:attachment":[{"href":"https:\/\/www.radiopresidenteibanez.cl\/web\/wp-json\/wp\/v2\/media?parent=3535"}],"wp:term":[{"taxonomy":"category","embeddable":true,"href":"https:\/\/www.radiopresidenteibanez.cl\/web\/wp-json\/wp\/v2\/categories?post=3535"},{"taxonomy":"post_tag","embeddable":true,"href":"https:\/\/www.radiopresidenteibanez.cl\/web\/wp-json\/wp\/v2\/tags?post=3535"}],"curies":[{"name":"wp","href":"https:\/\/api.w.org\/{rel}","templated":true}]}}