{"id":35337,"date":"2022-12-06T12:20:00","date_gmt":"2022-12-06T15:20:00","guid":{"rendered":"https:\/\/www.radiopresidenteibanez.cl\/web\/?p=35337"},"modified":"2022-12-06T11:07:36","modified_gmt":"2022-12-06T14:07:36","slug":"chumanguitos-despidieron-el-2022","status":"publish","type":"post","link":"https:\/\/www.radiopresidenteibanez.cl\/web\/chumanguitos-despidieron-el-2022\/","title":{"rendered":"CHUMANGUITOS DESPIDIERON EL 2022"},"content":{"rendered":"\n<p>Este grupo de Magall\u00e1nicos que se re\u00fanen una vez al mes durante todo el a\u00f1\u00f3 realizaron su ultima reuni\u00f3n para despedir el 2022<\/p>\n","protected":false},"excerpt":{"rendered":"<p>Este grupo de Magall\u00e1nicos que se re\u00fanen una vez al mes durante todo el a\u00f1\u00f3 realizaron su ultima reuni\u00f3n para despedir el 2022<\/p>\n","protected":false},"author":2,"featured_media":35338,"comment_status":"closed","ping_status":"closed","sticky":false,"template":"","format":"standard","meta":{"footnotes":""},"categories":[1],"tags":[],"class_list":["post-35337","post","type-post","status-publish","format-standard","has-post-thumbnail","hentry","category-cronica"],"_links":{"self":[{"href":"https:\/\/www.radiopresidenteibanez.cl\/web\/wp-json\/wp\/v2\/posts\/35337","targetHints":{"allow":["GET"]}}],"collection":[{"href":"https:\/\/www.radiopresidenteibanez.cl\/web\/wp-json\/wp\/v2\/posts"}],"about":[{"href":"https:\/\/www.radiopresidenteibanez.cl\/web\/wp-json\/wp\/v2\/types\/post"}],"author":[{"embeddable":true,"href":"https:\/\/www.radiopresidenteibanez.cl\/web\/wp-json\/wp\/v2\/users\/2"}],"replies":[{"embeddable":true,"href":"https:\/\/www.radiopresidenteibanez.cl\/web\/wp-json\/wp\/v2\/comments?post=35337"}],"version-history":[{"count":0,"href":"https:\/\/www.radiopresidenteibanez.cl\/web\/wp-json\/wp\/v2\/posts\/35337\/revisions"}],"wp:featuredmedia":[{"embeddable":true,"href":"https:\/\/www.radiopresidenteibanez.cl\/web\/wp-json\/wp\/v2\/media\/35338"}],"wp:attachment":[{"href":"https:\/\/www.radiopresidenteibanez.cl\/web\/wp-json\/wp\/v2\/media?parent=35337"}],"wp:term":[{"taxonomy":"category","embeddable":true,"href":"https:\/\/www.radiopresidenteibanez.cl\/web\/wp-json\/wp\/v2\/categories?post=35337"},{"taxonomy":"post_tag","embeddable":true,"href":"https:\/\/www.radiopresidenteibanez.cl\/web\/wp-json\/wp\/v2\/tags?post=35337"}],"curies":[{"name":"wp","href":"https:\/\/api.w.org\/{rel}","templated":true}]}}