{"id":3532,"date":"2019-04-20T18:10:12","date_gmt":"2019-04-20T18:10:12","guid":{"rendered":"http:\/\/www.radiopresidenteibanez.cl\/web\/?p=3532"},"modified":"2019-04-20T18:26:49","modified_gmt":"2019-04-20T18:26:49","slug":"ceremonia-de-la-luz-domingo-20-de-abril-1900-horas","status":"publish","type":"post","link":"https:\/\/www.radiopresidenteibanez.cl\/web\/ceremonia-de-la-luz-domingo-20-de-abril-1900-horas\/","title":{"rendered":"CEREMONIA DE LA LUZ, DOMINGO 21 DE ABRIL 19:00 HORAS"},"content":{"rendered":"\n<p>Cementerios Parque Punta Arenas y Parque Cruz de Froward, invitaron a toda la comunidad a su tradicional \u201cCeremonia de la Luz\u201d, que se llevar\u00e1 a cabo el domingo 21 de abril a las 19 horas en ambos Parques en forma simult\u00e1nea, en los que se realizar\u00e1 la Liturgia Pascual de Semana Santa del Domingo de&nbsp; Resurrecci\u00f3n para, posteriormente, encender las antorchas creando un ambiente intimo.<\/p>\n\n\n\n<p>Tambi\u00e9n se realizar\u00e1 la tradicional proyecci\u00f3n de las fotograf\u00edas y el mensaje que cada familia entreg\u00f3, para rendir un homenaje especial a sus seres queridos. La solemne Ceremonia ser\u00e1 acompa\u00f1ada de hermosas canciones interpretadas por los Coros de los Parques.<\/p>\n\n\n\n<p>Como ya es tradicional se entregar\u00e1 chocolate caliente a los asistentes, adem\u00e1s de huevitos de Pascua a los ni\u00f1os.<\/p>\n\n\n\n<p>Los Parques ponen a disposici\u00f3n de quienes deseen participar, buses de traslados sin costo lo que que comenzar\u00e1n a salir desde Avenida Bulnes esquina Carrera a partir de las 17:30 horas cada media hora hasta las 20:00 horas, retornando el \u00faltimo bus desde los Parques al t\u00e9rmino de la Ceremonia.<\/p>\n\n\n\n<figure class=\"wp-block-image\"><img loading=\"lazy\" decoding=\"async\" width=\"640\" height=\"376\" src=\"http:\/\/www.radiopresidenteibanez.cl\/web\/wp-content\/uploads\/2019\/04\/CeremoniaDeLaLuz.jpg\" alt=\"\" class=\"wp-image-3533\" srcset=\"https:\/\/www.radiopresidenteibanez.cl\/web\/wp-content\/uploads\/2019\/04\/CeremoniaDeLaLuz.jpg 640w, https:\/\/www.radiopresidenteibanez.cl\/web\/wp-content\/uploads\/2019\/04\/CeremoniaDeLaLuz-300x176.jpg 300w\" sizes=\"auto, (max-width: 640px) 100vw, 640px\" \/><\/figure>\n","protected":false},"excerpt":{"rendered":"<p>Cementerios Parque Punta Arenas y Parque Cruz de Froward, invitaron a toda la comunidad a su tradicional \u201cCeremonia de la Luz\u201d, que se llevar\u00e1 a cabo el domingo 21 de&#8230; <a class=\"read-more\" href=\"https:\/\/www.radiopresidenteibanez.cl\/web\/ceremonia-de-la-luz-domingo-20-de-abril-1900-horas\/\">Leer m\u00e1s<\/a><\/p>\n","protected":false},"author":2,"featured_media":3533,"comment_status":"closed","ping_status":"closed","sticky":false,"template":"","format":"standard","meta":{"footnotes":""},"categories":[1],"tags":[],"class_list":["post-3532","post","type-post","status-publish","format-standard","has-post-thumbnail","hentry","category-cronica"],"_links":{"self":[{"href":"https:\/\/www.radiopresidenteibanez.cl\/web\/wp-json\/wp\/v2\/posts\/3532","targetHints":{"allow":["GET"]}}],"collection":[{"href":"https:\/\/www.radiopresidenteibanez.cl\/web\/wp-json\/wp\/v2\/posts"}],"about":[{"href":"https:\/\/www.radiopresidenteibanez.cl\/web\/wp-json\/wp\/v2\/types\/post"}],"author":[{"embeddable":true,"href":"https:\/\/www.radiopresidenteibanez.cl\/web\/wp-json\/wp\/v2\/users\/2"}],"replies":[{"embeddable":true,"href":"https:\/\/www.radiopresidenteibanez.cl\/web\/wp-json\/wp\/v2\/comments?post=3532"}],"version-history":[{"count":0,"href":"https:\/\/www.radiopresidenteibanez.cl\/web\/wp-json\/wp\/v2\/posts\/3532\/revisions"}],"wp:featuredmedia":[{"embeddable":true,"href":"https:\/\/www.radiopresidenteibanez.cl\/web\/wp-json\/wp\/v2\/media\/3533"}],"wp:attachment":[{"href":"https:\/\/www.radiopresidenteibanez.cl\/web\/wp-json\/wp\/v2\/media?parent=3532"}],"wp:term":[{"taxonomy":"category","embeddable":true,"href":"https:\/\/www.radiopresidenteibanez.cl\/web\/wp-json\/wp\/v2\/categories?post=3532"},{"taxonomy":"post_tag","embeddable":true,"href":"https:\/\/www.radiopresidenteibanez.cl\/web\/wp-json\/wp\/v2\/tags?post=3532"}],"curies":[{"name":"wp","href":"https:\/\/api.w.org\/{rel}","templated":true}]}}