{"id":35316,"date":"2022-12-06T09:31:00","date_gmt":"2022-12-06T12:31:00","guid":{"rendered":"https:\/\/www.radiopresidenteibanez.cl\/web\/?p=35316"},"modified":"2022-12-06T08:19:18","modified_gmt":"2022-12-06T11:19:18","slug":"fiscal-regional-y-rector-firmaron-convenio-alumnos-de-derecho-de-la-umag-podran-postular-a-pasantias-en-fiscalia","status":"publish","type":"post","link":"https:\/\/www.radiopresidenteibanez.cl\/web\/fiscal-regional-y-rector-firmaron-convenio-alumnos-de-derecho-de-la-umag-podran-postular-a-pasantias-en-fiscalia\/","title":{"rendered":"FISCAL REGIONAL Y RECTOR FIRMARON CONVENIO: ALUMNOS DE DERECHO DE LA UMAG PODRAN POSTULAR A PASANTIAS EN FISCALIA"},"content":{"rendered":"\n<p>La Universidad de Magallanes y la Fiscal\u00eda Regional de Magallanes y de la Ant\u00e1rtica Chilena<br>oficializaron hoy, un convenio de colaboraci\u00f3n conjunta y cooperaci\u00f3n en aquellos<br>aspectos que representan \u00e1reas de inter\u00e9s conjunto en el \u00e1mbito jur\u00eddico.<br>Esta cooperaci\u00f3n beneficiar\u00e1 directamente pasant\u00edas por parte de alumnos de pregrado<br>de la Universidad de Magallanes, principalmente del Departamento de Ciencias Jur\u00eddicas<br>para que puedan conocer las diferentes funciones que le corresponde realizar a la Fiscal\u00eda,<br>pudi\u00e9ndose identificar diversos \u00e1mbitos de desarrollo profesional que la instituci\u00f3n<br>p\u00fablica ofrece.<br>Este primer convenio de cooperaci\u00f3n entre la UMAG y la Fiscal\u00eda Regional fue firmado en<br>las oficinas del Ministerio P\u00fablico entre el Fiscal regional, Eugenio Campos y el rector de la<br>Universidad, Jos\u00e9 Maripani.<br>En la oportunidad el Fiscal Regional Eugenio Campos indic\u00f3 que este convenio permitir\u00e1<br>vincular a ambas instituciones y lograr una cooperaci\u00f3n mutua, con pasant\u00edas para<br>alumnas y alumnos de la Carrera de Derecho, \u201cpor alrededor de 4 meses, en diversas<br>fiscal\u00edas locales de la Regi\u00f3n de Magallanes y de la Ant\u00e1rtica Chilena, como tambi\u00e9n de la<br>Fiscal\u00eda Regional, que le permitir\u00e1 a cada uno de los alumnos y alumnas, nutrirse de<br>experiencias de la labor que realiza el Ministerio P\u00fablico en la comunidad, como asimismo<br>ejercer en la pr\u00e1ctica lo que van aprendiendo en esta Casa de Estudios\u201d. Agradeci\u00f3<br>adem\u00e1s, \u201cla gentileza de haber confiado en el Ministerio P\u00fablico, de generar estos lazos<br>de comunicaci\u00f3n que nos permitir\u00e1 tambi\u00e9n pensar en el futuro en incorporar otras<br>carreras como por ejemplo trabajo social, psicolog\u00eda y vincularlas con la labor que realiza<br>la Fiscal\u00eda, particularmente en el trabajo efectuado con las v\u00edctimas y en el estudio de<br>fen\u00f3menos delictuales\u201d. \u201cCelebramos con mucha fuerza este convenio firmado hoy\u201d.<br>El Rector de la Universidad de Magallanes, Jos\u00e9 Maripani, en tanto, agradeci\u00f3 a la<br>instituci\u00f3n del Ministerio P\u00fablico y especialmente al Fiscal Regional, Eugenio Campos, por<br>el apoyo para suscribir este convenio. \u201cSin duda que nuestros estudiantes de la carrera de<br>Derecho pueden realizar una pasant\u00eda en una instituci\u00f3n tan importante, como la fiscal\u00eda,<\/p>\n\n\n\n<p>impone un sello a nuestra carrera que permitir\u00e1 poder avanzar en la formaci\u00f3n de<br>nuestros abogados desde el punto de vista te\u00f3rico, pero tambi\u00e9n pr\u00e1ctico. Sabemos que<br>el conocer la realidad de c\u00f3mo se llevan adelante los casos es una experiencia que genera<br>un desarrollo pertinente que adem\u00e1s les ayuda a llevar adelante su proceso formativo tal<br>vez de la mejor manera en nuestra regi\u00f3n\u201d, expres\u00f3 el rector de la UMAG.<\/p>\n","protected":false},"excerpt":{"rendered":"<p>La Universidad de Magallanes y la Fiscal\u00eda Regional de Magallanes y de la Ant\u00e1rtica Chilenaoficializaron hoy, un convenio de colaboraci\u00f3n conjunta y cooperaci\u00f3n en aquellosaspectos que representan \u00e1reas de inter\u00e9s&#8230; <a class=\"read-more\" href=\"https:\/\/www.radiopresidenteibanez.cl\/web\/fiscal-regional-y-rector-firmaron-convenio-alumnos-de-derecho-de-la-umag-podran-postular-a-pasantias-en-fiscalia\/\">Leer m\u00e1s<\/a><\/p>\n","protected":false},"author":2,"featured_media":35317,"comment_status":"closed","ping_status":"closed","sticky":false,"template":"","format":"standard","meta":{"footnotes":""},"categories":[1],"tags":[],"class_list":["post-35316","post","type-post","status-publish","format-standard","has-post-thumbnail","hentry","category-cronica"],"_links":{"self":[{"href":"https:\/\/www.radiopresidenteibanez.cl\/web\/wp-json\/wp\/v2\/posts\/35316","targetHints":{"allow":["GET"]}}],"collection":[{"href":"https:\/\/www.radiopresidenteibanez.cl\/web\/wp-json\/wp\/v2\/posts"}],"about":[{"href":"https:\/\/www.radiopresidenteibanez.cl\/web\/wp-json\/wp\/v2\/types\/post"}],"author":[{"embeddable":true,"href":"https:\/\/www.radiopresidenteibanez.cl\/web\/wp-json\/wp\/v2\/users\/2"}],"replies":[{"embeddable":true,"href":"https:\/\/www.radiopresidenteibanez.cl\/web\/wp-json\/wp\/v2\/comments?post=35316"}],"version-history":[{"count":0,"href":"https:\/\/www.radiopresidenteibanez.cl\/web\/wp-json\/wp\/v2\/posts\/35316\/revisions"}],"wp:featuredmedia":[{"embeddable":true,"href":"https:\/\/www.radiopresidenteibanez.cl\/web\/wp-json\/wp\/v2\/media\/35317"}],"wp:attachment":[{"href":"https:\/\/www.radiopresidenteibanez.cl\/web\/wp-json\/wp\/v2\/media?parent=35316"}],"wp:term":[{"taxonomy":"category","embeddable":true,"href":"https:\/\/www.radiopresidenteibanez.cl\/web\/wp-json\/wp\/v2\/categories?post=35316"},{"taxonomy":"post_tag","embeddable":true,"href":"https:\/\/www.radiopresidenteibanez.cl\/web\/wp-json\/wp\/v2\/tags?post=35316"}],"curies":[{"name":"wp","href":"https:\/\/api.w.org\/{rel}","templated":true}]}}