{"id":35313,"date":"2022-12-06T08:21:00","date_gmt":"2022-12-06T11:21:00","guid":{"rendered":"https:\/\/www.radiopresidenteibanez.cl\/web\/?p=35313"},"modified":"2022-12-06T08:13:05","modified_gmt":"2022-12-06T11:13:05","slug":"sec-magallanes-fiscaliza-venta-de-guirnaldas-para-verificar-que-solo-se-verndan-productos-certificados","status":"publish","type":"post","link":"https:\/\/www.radiopresidenteibanez.cl\/web\/sec-magallanes-fiscaliza-venta-de-guirnaldas-para-verificar-que-solo-se-verndan-productos-certificados\/","title":{"rendered":"SEC MAGALLANES FISCALIZA VENTA DE GUIRNALDAS PARA VERIFICAR QUE SOLO SE VERNDAN PRODUCTOS CERTIFICADOS"},"content":{"rendered":"\n<p>Personal de la Direcci\u00f3n Regional Magallanes de la Superintendencia de<br>Electricidad y Combustibles, SEC, ha estado intensificando, durante estas \u00faltimas<br>semanas, la fiscalizaci\u00f3n para verificar que s\u00f3lo se est\u00e9n comercializando<br>guirnaldas navide\u00f1as, y otros productos el\u00e9ctricos, con su SELLO SEC, etiqueta<br>que valida que dichos productos son seguros, pues han superado el procedimiento<br>de certificaci\u00f3n.<br>En este contexto, llegaron este lunes hasta dependencias de la tienda Sodimac de<br>Punta Arenas, la seremi de Energ\u00eda, Mar\u00eda Luisa Ojeda; y el director regional de<br>SEC Magallanes (s), Iv\u00e1n Mansilla; quienes estuvieron revisando los productos<br>el\u00e9ctricos que estaban a la venta.<br>Hasta la fecha, y seg\u00fan cifras de la SEC, durante 2022 se han certificado 683.585<br>unidades de guirnaldas navide\u00f1as. Del mismo modo, y como resultado de las<br>fiscalizaciones de la SEC, se formularon cargos a 29 empresas por ingresar al<br>pa\u00eds m\u00e1s de 615 mil guirnaldas navide\u00f1as sin certificaci\u00f3n.<br>Cabe destacar que la obligaci\u00f3n de certificar, y por tanto de tener SELLO SEC, es<br>s\u00f3lo para las guirnaldas navide\u00f1as que se conectan a la red el\u00e9ctrica, por lo que<br>las luces que funcionan con pilas o las denominadas \u201csolares\u201d no requieren esta<br>certificaci\u00f3n.<br>FESTEJOS SEGUROS<br>La seremi de Energ\u00eda, Mar\u00eda Luisa Ojeda, destac\u00f3 que \u201ccomo Ministerio de<br>Energ\u00eda, queremos que la ciudadan\u00eda disfrute de estas fiestas de Fin de A\u00f1o en<br>forma segura. Sabemos tambi\u00e9n que cada a\u00f1o, las familias se preocupan m\u00e1s por<br>decorar tanto los interiores como los exteriores de sus hogares, por lo que es<br>fundamental fiscalizar la venta de estas luces navide\u00f1as, para evitar accidentes<br>que lamentar durante esta temporada\u201d.<br>Por su parte, el director regional de SEC Magallanes (s), Iv\u00e1n Mansilla, indic\u00f3 que<br>\u201ces importante que la ciudadan\u00eda tambi\u00e9n pueda convertirse en fiscalizadora,<br>revisando que los productos que est\u00e1n comprando, est\u00e9n debidamente<br>certificados. Por ello, para conocer en detalle los datos de certificaci\u00f3n de un<br>producto que posee SELLO SEC, basta con escanear, usando un tel\u00e9fono celular,<br>el c\u00f3digo QR existente en la etiqueta o ingresar en www.sec.cl, el c\u00f3digo num\u00e9rico<br>presente en el distintivo\u201d.<\/p>\n\n\n\n<p>Es importante se\u00f1alar que, al escanear el C\u00f3digo QR, o al ingresar el C\u00f3digo<br>Num\u00e9rico en la web de la SEC, se accede al certificado de cada producto, lo que<br>permite ver el pa\u00eds de origen, la fecha de certificaci\u00f3n e informaci\u00f3n sobre el<br>organismo que realiz\u00f3 el proceso, entre otros antecedentes.<br>El director regional SEC tambi\u00e9n hizo un llamado a tener especial cuidado con la<br>decoraci\u00f3n exterior de las viviendas, en especial, cuando se trata de guirnaldas<br>que deben estar conectadas a la red el\u00e9ctrica. Para este tipo de luces o art\u00edculos<br>que funcionan con electricidad, se debe verificar que tengan en su envase la<br>informaci\u00f3n \u201cPara uso exterior\u201d.<br>En tanto, la seremi de Energ\u00eda hizo un llamado al ahorro energ\u00e9tico, apagando las<br>guirnaldas que decoran sus casas cuando salgan del hogar o cuando se vayan a<br>dormir. Con esta simple medida, estar\u00e1n ahorrando energ\u00eda y cuidando la vida \u00fatil<br>de estos productos el\u00e9ctricos.<br>Finalmente, ante cualquier situaci\u00f3n de potencial riesgo al utilizar los energ\u00e9ticos,<br>el llamado es a reportarlo a trav\u00e9s de www.sec.cl, sitio web al que se puede<br>acceder incluso desde celulares.<\/p>\n","protected":false},"excerpt":{"rendered":"<p>Personal de la Direcci\u00f3n Regional Magallanes de la Superintendencia deElectricidad y Combustibles, SEC, ha estado intensificando, durante estas \u00faltimassemanas, la fiscalizaci\u00f3n para verificar que s\u00f3lo se est\u00e9n comercializandoguirnaldas navide\u00f1as, y&#8230; <a class=\"read-more\" href=\"https:\/\/www.radiopresidenteibanez.cl\/web\/sec-magallanes-fiscaliza-venta-de-guirnaldas-para-verificar-que-solo-se-verndan-productos-certificados\/\">Leer m\u00e1s<\/a><\/p>\n","protected":false},"author":2,"featured_media":35314,"comment_status":"closed","ping_status":"closed","sticky":false,"template":"","format":"standard","meta":{"footnotes":""},"categories":[1],"tags":[],"class_list":["post-35313","post","type-post","status-publish","format-standard","has-post-thumbnail","hentry","category-cronica"],"_links":{"self":[{"href":"https:\/\/www.radiopresidenteibanez.cl\/web\/wp-json\/wp\/v2\/posts\/35313","targetHints":{"allow":["GET"]}}],"collection":[{"href":"https:\/\/www.radiopresidenteibanez.cl\/web\/wp-json\/wp\/v2\/posts"}],"about":[{"href":"https:\/\/www.radiopresidenteibanez.cl\/web\/wp-json\/wp\/v2\/types\/post"}],"author":[{"embeddable":true,"href":"https:\/\/www.radiopresidenteibanez.cl\/web\/wp-json\/wp\/v2\/users\/2"}],"replies":[{"embeddable":true,"href":"https:\/\/www.radiopresidenteibanez.cl\/web\/wp-json\/wp\/v2\/comments?post=35313"}],"version-history":[{"count":0,"href":"https:\/\/www.radiopresidenteibanez.cl\/web\/wp-json\/wp\/v2\/posts\/35313\/revisions"}],"wp:featuredmedia":[{"embeddable":true,"href":"https:\/\/www.radiopresidenteibanez.cl\/web\/wp-json\/wp\/v2\/media\/35314"}],"wp:attachment":[{"href":"https:\/\/www.radiopresidenteibanez.cl\/web\/wp-json\/wp\/v2\/media?parent=35313"}],"wp:term":[{"taxonomy":"category","embeddable":true,"href":"https:\/\/www.radiopresidenteibanez.cl\/web\/wp-json\/wp\/v2\/categories?post=35313"},{"taxonomy":"post_tag","embeddable":true,"href":"https:\/\/www.radiopresidenteibanez.cl\/web\/wp-json\/wp\/v2\/tags?post=35313"}],"curies":[{"name":"wp","href":"https:\/\/api.w.org\/{rel}","templated":true}]}}