{"id":3529,"date":"2019-04-20T18:05:23","date_gmt":"2019-04-20T18:05:23","guid":{"rendered":"http:\/\/www.radiopresidenteibanez.cl\/web\/?p=3529"},"modified":"2019-04-20T18:05:36","modified_gmt":"2019-04-20T18:05:36","slug":"mina-invierno-realiza-jornada-de-prevencion-para-comites-paritarios-con-la-presencia-de-autoridades-de-mineria","status":"publish","type":"post","link":"https:\/\/www.radiopresidenteibanez.cl\/web\/mina-invierno-realiza-jornada-de-prevencion-para-comites-paritarios-con-la-presencia-de-autoridades-de-mineria\/","title":{"rendered":"MINA INVIERNO REALIZA JORNADA DE PREVENCI\u00d3N PARA COMIT\u00c9S PARITARIOS CON LA PRESENCIA DE AUTORIDADES DE MINER\u00cdA"},"content":{"rendered":"\n<p>Representantes de los trabajadores y ejecutivos de Mina Invierno se reunieron, en el hotel\nDiego de Almagro de Punta\nArenas, para participar en una jornada\nsobre prevenci\u00f3n, en la que\nse realizaron diversos talleres sobre funciones y responsabilidades de los Comit\u00e9s\nParitarios de Higiene\ny Seguridad. El encuentro, cont\u00f3 con la participaci\u00f3n del seremi de Miner\u00eda de Magallanes, Carlos Quezada y el director\nregional de Sernageomin, Hans Gabler.<\/p>\n\n\n\n<p>En la ocasi\u00f3n, Ram\u00f3n Rojas, jefe del Departamento de Prevenci\u00f3n de Riesgos de Mina Invierno se\u00f1al\u00f3 que \u201cclaramente los comit\u00e9s paritarios y, en general,\ntoda la gesti\u00f3n preventiva de la\ncompa\u00f1\u00eda no funciona\nsi los trabajadores no est\u00e1n comprometidos con la seguridad, por lo tanto, es de vital importancia su compromiso\u201d. Rojas\nexplic\u00f3 que en estos encuentros se les brinda\na los trabajadores herramientas de gesti\u00f3n, para que as\u00ed contribuyan, al control de la accidentabilidad y concientizaci\u00f3n de sus compa\u00f1eros de trabajo sobre la importancia de la seguridad en una faena minera.<\/p>\n\n\n\n<p>En tanto, el seremi\nde Miner\u00eda de Magallanes Carlos\nQuezada subray\u00f3 que los Comit\u00e9s\nParitarios son \u201ctremendamente importantes. Uno de los focos del gobierno del presidente Sebasti\u00e1n Pi\u00f1era es precisamente la seguridad en miner\u00eda y la seguridad, en general, de todos los\ntrabajadores.\u201d<\/p>\n\n\n\n<p>Por su parte, el director regional de Sernageomin, Hans Gabler, destac\u00f3 los bajos niveles de accidentabilidad de la empresa. \u201cEse es un trabajo que ha hecho Mina Invierno y es un trabajo que hay que resaltarlo ya que desde la primera plana de la empresa se tiene una pol\u00edtica clara en materia de seguridad, y lo m\u00e1s importante es relevar el autocuidado. La empresa tiene muy claro que el autocuidado en materia de seguridad es fundamental, por lo tanto, nosotros estamos muy contentos con el trabajo que hace Mina Invierno.\u201d<\/p>\n\n\n\n<figure class=\"wp-block-image\"><img loading=\"lazy\" decoding=\"async\" width=\"640\" height=\"427\" src=\"http:\/\/www.radiopresidenteibanez.cl\/web\/wp-content\/uploads\/2019\/04\/DSC09471.jpg\" alt=\"\" class=\"wp-image-3530\" srcset=\"https:\/\/www.radiopresidenteibanez.cl\/web\/wp-content\/uploads\/2019\/04\/DSC09471.jpg 640w, https:\/\/www.radiopresidenteibanez.cl\/web\/wp-content\/uploads\/2019\/04\/DSC09471-300x200.jpg 300w\" sizes=\"auto, (max-width: 640px) 100vw, 640px\" \/><\/figure>\n","protected":false},"excerpt":{"rendered":"<p>Representantes de los trabajadores y ejecutivos de Mina Invierno se reunieron, en el hotel Diego de Almagro de Punta Arenas, para participar en una jornada sobre prevenci\u00f3n, en la que&#8230; <a class=\"read-more\" href=\"https:\/\/www.radiopresidenteibanez.cl\/web\/mina-invierno-realiza-jornada-de-prevencion-para-comites-paritarios-con-la-presencia-de-autoridades-de-mineria\/\">Leer m\u00e1s<\/a><\/p>\n","protected":false},"author":2,"featured_media":3530,"comment_status":"closed","ping_status":"closed","sticky":false,"template":"","format":"standard","meta":{"footnotes":""},"categories":[1],"tags":[],"class_list":["post-3529","post","type-post","status-publish","format-standard","has-post-thumbnail","hentry","category-cronica"],"_links":{"self":[{"href":"https:\/\/www.radiopresidenteibanez.cl\/web\/wp-json\/wp\/v2\/posts\/3529","targetHints":{"allow":["GET"]}}],"collection":[{"href":"https:\/\/www.radiopresidenteibanez.cl\/web\/wp-json\/wp\/v2\/posts"}],"about":[{"href":"https:\/\/www.radiopresidenteibanez.cl\/web\/wp-json\/wp\/v2\/types\/post"}],"author":[{"embeddable":true,"href":"https:\/\/www.radiopresidenteibanez.cl\/web\/wp-json\/wp\/v2\/users\/2"}],"replies":[{"embeddable":true,"href":"https:\/\/www.radiopresidenteibanez.cl\/web\/wp-json\/wp\/v2\/comments?post=3529"}],"version-history":[{"count":0,"href":"https:\/\/www.radiopresidenteibanez.cl\/web\/wp-json\/wp\/v2\/posts\/3529\/revisions"}],"wp:featuredmedia":[{"embeddable":true,"href":"https:\/\/www.radiopresidenteibanez.cl\/web\/wp-json\/wp\/v2\/media\/3530"}],"wp:attachment":[{"href":"https:\/\/www.radiopresidenteibanez.cl\/web\/wp-json\/wp\/v2\/media?parent=3529"}],"wp:term":[{"taxonomy":"category","embeddable":true,"href":"https:\/\/www.radiopresidenteibanez.cl\/web\/wp-json\/wp\/v2\/categories?post=3529"},{"taxonomy":"post_tag","embeddable":true,"href":"https:\/\/www.radiopresidenteibanez.cl\/web\/wp-json\/wp\/v2\/tags?post=3529"}],"curies":[{"name":"wp","href":"https:\/\/api.w.org\/{rel}","templated":true}]}}