{"id":35261,"date":"2022-12-04T14:37:00","date_gmt":"2022-12-04T17:37:00","guid":{"rendered":"https:\/\/www.radiopresidenteibanez.cl\/web\/?p=35261"},"modified":"2022-12-04T13:39:13","modified_gmt":"2022-12-04T16:39:13","slug":"punta-arenas-fue-sede-del-dialogo-regional-por-la-sostenibilidad","status":"publish","type":"post","link":"https:\/\/www.radiopresidenteibanez.cl\/web\/punta-arenas-fue-sede-del-dialogo-regional-por-la-sostenibilidad\/","title":{"rendered":"<strong>Punta Arenas fue sede del Di\u00e1logo Regional por la Sostenibilidad<\/strong>"},"content":{"rendered":"\n<p>&nbsp;En el marco de su primera visita a la Regi\u00f3n de Magallanes y de la Ant\u00e1rtica Chilena, la Subsecretaria de Evaluaci\u00f3n Social, Paula Poblete Maureira, lider\u00f3 el \u201cDi\u00e1logo Regional por la Sostenibilidad\u201d, actividad enmarcada en el proceso participativo para el dise\u00f1o de la Estrategia de Implementaci\u00f3n de la Agenda 2030 y los Objetivos de Desarrollo Sostenible (ODS) de Naciones Unidas.<\/p>\n\n\n\n<p>Este encuentro se llev\u00f3 a cabo durante la tarde del pasado jueves en el gimnasio del Instituto Superior de Comercio (Insuco) Jos\u00e9 Men\u00e9ndez de Punta Arenas, y cont\u00f3 con la participaci\u00f3n de representantes del sector p\u00fablico, privado y la sociedad civil, quienes se congregaron para ser parte de esta gran estrategia nacional que acelere el alcance de los 17 Objetivos de Desarrollo Sostenible y sus metas en el pa\u00eds.<\/p>\n\n\n\n<p>Para la Subsecretaria Paula Poblete, \u201ctenemos el compromiso de ser un Gobierno en terreno y que haga de la participaci\u00f3n ciudadana algo real. Con estos di\u00e1logos regionales estamos co-construyendo el dise\u00f1o de la estrategia de implementaci\u00f3n de la Agenda 2030. Estas conversaciones ser\u00e1n sistematizadas por Naciones Unidas y ser\u00e1n incluidas en la estrategia que le vamos a presentar al Presidente en marzo del pr\u00f3ximo a\u00f1o\u201d.<\/p>\n\n\n\n<p>Estos di\u00e1logos son parte de una serie de mecanismos de consulta y levantamiento de informaci\u00f3n que se est\u00e1n efectuando en todas las regiones del pa\u00eds para identificar las principales necesidades de las personas y comunidades, adem\u00e1s de las acciones que habiliten de manera coherente una respuesta a los desaf\u00edos actuales en el mediano y largo plazo. Todas estas instancias cuentan con una metodolog\u00eda est\u00e1ndar validada por el Sistema de Naciones Unidas en Chile.<\/p>\n\n\n\n<p>A su vez, para el Secretario Regional de Desarrollo Social y Familia, Danilo Mimica Mansilla, \u201cel Gobierno de nuestro Presidente Gabriel Boric, quiere dar un nuevo impulso aprovechando que el programa de Gobierno es totalmente compatible con los Objetivos de Desarrollo Sostenible. Durante el a\u00f1o 2019 nuestra poblaci\u00f3n manifest\u00f3 claramente que el modelo de crecimiento basado en el libre mercado era insuficiente. La brecha en la distribuci\u00f3n de los ingresos y deficientes resultados en materia de seguridad social, hac\u00edan necesario dar un giro hacia la universalizaci\u00f3n de derechos sociales, que parte importante de la poblaci\u00f3n ve esquivas. Entonces no es menor que hoy nos sentemos a dialogar y a recoger impresiones de muchos y muchas representantes, debido a que en la ciudadan\u00eda se encuentra un capital humano de primera calidad, que adornar\u00e1 con luces e inspiraci\u00f3n un aporte sincero y productivo a este trabajo\u201d.<\/p>\n\n\n\n<p><strong>Qu\u00e9 es la Agenda 2030<\/strong><\/p>\n\n\n\n<p>La Agenda 2030 para el Desarrollo Sostenible es una agenda global de desarrollo, universal y hol\u00edstica. Es tambi\u00e9n un acuerdo pol\u00edtico hist\u00f3rico, firmado por 193 Estados Miembros en septiembre de 2015, que traza un marco para el desarrollo ambiental, social y econ\u00f3mico.<\/p>\n\n\n\n<p>Se trata de una agenda ambiciosa -compuesta por 17 objetivos (17 ODS) 169 metas y m\u00e1s de 230 indicadores-, que busca erradicar la pobreza, y con objetivos desafiantes en materia de salud, educaci\u00f3n e igualdad de g\u00e9nero, entre otros. Es tambi\u00e9n una agenda universal, aplicable a todos los pa\u00edses y a todas las personas.<\/p>\n","protected":false},"excerpt":{"rendered":"<p>&nbsp;En el marco de su primera visita a la Regi\u00f3n de Magallanes y de la Ant\u00e1rtica Chilena, la Subsecretaria de Evaluaci\u00f3n Social, Paula Poblete Maureira, lider\u00f3 el \u201cDi\u00e1logo Regional por&#8230; <a class=\"read-more\" href=\"https:\/\/www.radiopresidenteibanez.cl\/web\/punta-arenas-fue-sede-del-dialogo-regional-por-la-sostenibilidad\/\">Leer m\u00e1s<\/a><\/p>\n","protected":false},"author":2,"featured_media":35262,"comment_status":"closed","ping_status":"closed","sticky":false,"template":"","format":"standard","meta":{"footnotes":""},"categories":[1],"tags":[],"class_list":["post-35261","post","type-post","status-publish","format-standard","has-post-thumbnail","hentry","category-cronica"],"_links":{"self":[{"href":"https:\/\/www.radiopresidenteibanez.cl\/web\/wp-json\/wp\/v2\/posts\/35261","targetHints":{"allow":["GET"]}}],"collection":[{"href":"https:\/\/www.radiopresidenteibanez.cl\/web\/wp-json\/wp\/v2\/posts"}],"about":[{"href":"https:\/\/www.radiopresidenteibanez.cl\/web\/wp-json\/wp\/v2\/types\/post"}],"author":[{"embeddable":true,"href":"https:\/\/www.radiopresidenteibanez.cl\/web\/wp-json\/wp\/v2\/users\/2"}],"replies":[{"embeddable":true,"href":"https:\/\/www.radiopresidenteibanez.cl\/web\/wp-json\/wp\/v2\/comments?post=35261"}],"version-history":[{"count":0,"href":"https:\/\/www.radiopresidenteibanez.cl\/web\/wp-json\/wp\/v2\/posts\/35261\/revisions"}],"wp:featuredmedia":[{"embeddable":true,"href":"https:\/\/www.radiopresidenteibanez.cl\/web\/wp-json\/wp\/v2\/media\/35262"}],"wp:attachment":[{"href":"https:\/\/www.radiopresidenteibanez.cl\/web\/wp-json\/wp\/v2\/media?parent=35261"}],"wp:term":[{"taxonomy":"category","embeddable":true,"href":"https:\/\/www.radiopresidenteibanez.cl\/web\/wp-json\/wp\/v2\/categories?post=35261"},{"taxonomy":"post_tag","embeddable":true,"href":"https:\/\/www.radiopresidenteibanez.cl\/web\/wp-json\/wp\/v2\/tags?post=35261"}],"curies":[{"name":"wp","href":"https:\/\/api.w.org\/{rel}","templated":true}]}}