{"id":3526,"date":"2019-04-20T17:55:06","date_gmt":"2019-04-20T17:55:06","guid":{"rendered":"http:\/\/www.radiopresidenteibanez.cl\/web\/?p=3526"},"modified":"2019-04-20T17:55:44","modified_gmt":"2019-04-20T17:55:44","slug":"presidente-comision-infraestructura-del-core-valora-firma-del-contrato-de-comodato-con-la-asociacion-de-duenos-de-camiones-de-punta-arenas","status":"publish","type":"post","link":"https:\/\/www.radiopresidenteibanez.cl\/web\/presidente-comision-infraestructura-del-core-valora-firma-del-contrato-de-comodato-con-la-asociacion-de-duenos-de-camiones-de-punta-arenas\/","title":{"rendered":"PRESIDENTE COMISI\u00d3N INFRAESTRUCTURA DEL CORE VALORA FIRMA DEL CONTRATO DE COMODATO CON LA ASOCIACI\u00d3N DE DUE\u00d1OS DE CAMIONES DE PUNTA ARENAS"},"content":{"rendered":"\n<p>El\npresidente de la Comisi\u00f3n Infraestructura del Consejo Regional de Magallanes y\nde la Ant\u00e1rtica Chilena, Miguel Sierpe, particip\u00f3 esta ma\u00f1ana en la firma del contrato\nde comodato por medio del cual el Gobierno Regional, hace entrega por 20 a\u00f1os a\nla Asociaci\u00f3n de Due\u00f1os de Camiones (ASODUCAM), de un terreno de aproximadamente\n4,8 hect\u00e1reas ubicadas en el kil\u00f3metro 11,5 norte de Punta Arenas.<\/p>\n\n\n\n<p>El\nconsejero Sierpe coment\u00f3 \u201che seguido por a\u00f1os la historia de este proyecto y\nhoy concretamos la entrega de 47.800 metros cuadrados a la Asociaci\u00f3n de Due\u00f1os\nde Camiones de Punta Arenas. Esperamos que todos los camiones que transitan por\nMagallanes hagan uso del futuro aparcadero, iniciativa que la Asociaci\u00f3n de\nCamioneros ha comprometido llevar adelante toda vez que el Gobierno Regional compr\u00f3\nlas 4.7 hect\u00e1reas que son muy importantes. Esto significar\u00e1 un beneficio para\ntoda la ciudad ya que no tendremos que ver m\u00e1s camiones de alto tonelaje\ncirculado por las calles ni estacionados por largo tiempo en cualquier lugar\u201d.<\/p>\n\n\n\n<p>El consejero Sierpe detall\u00f3 que en los \u00faltimos a\u00f1os el parque automotriz de la ciudad ha ido en aumento, generando sobrecarga en el tr\u00e1nsito vehicular, problemas de estacionamiento sobre todo para camiones y un deterioro progresivo de la estructura vial por lo cual es fundamental la existencia de un aparcadero de veh\u00edculos de carga mayor que permitir\u00e1 mitigar el impacto de la circulaci\u00f3n de \u00e9stos en el radio urbano.<\/p>\n\n\n\n<figure class=\"wp-block-image\"><img loading=\"lazy\" decoding=\"async\" width=\"640\" height=\"480\" src=\"http:\/\/www.radiopresidenteibanez.cl\/web\/wp-content\/uploads\/2019\/04\/Contrato-Asoducam.jpg\" alt=\"\" class=\"wp-image-3527\" srcset=\"https:\/\/www.radiopresidenteibanez.cl\/web\/wp-content\/uploads\/2019\/04\/Contrato-Asoducam.jpg 640w, https:\/\/www.radiopresidenteibanez.cl\/web\/wp-content\/uploads\/2019\/04\/Contrato-Asoducam-300x225.jpg 300w\" sizes=\"auto, (max-width: 640px) 100vw, 640px\" \/><figcaption>?<\/figcaption><\/figure>\n","protected":false},"excerpt":{"rendered":"<p>El presidente de la Comisi\u00f3n Infraestructura del Consejo Regional de Magallanes y de la Ant\u00e1rtica Chilena, Miguel Sierpe, particip\u00f3 esta ma\u00f1ana en la firma del contrato de comodato por medio&#8230; <a class=\"read-more\" href=\"https:\/\/www.radiopresidenteibanez.cl\/web\/presidente-comision-infraestructura-del-core-valora-firma-del-contrato-de-comodato-con-la-asociacion-de-duenos-de-camiones-de-punta-arenas\/\">Leer m\u00e1s<\/a><\/p>\n","protected":false},"author":2,"featured_media":3527,"comment_status":"closed","ping_status":"closed","sticky":false,"template":"","format":"standard","meta":{"footnotes":""},"categories":[1],"tags":[],"class_list":["post-3526","post","type-post","status-publish","format-standard","has-post-thumbnail","hentry","category-cronica"],"_links":{"self":[{"href":"https:\/\/www.radiopresidenteibanez.cl\/web\/wp-json\/wp\/v2\/posts\/3526","targetHints":{"allow":["GET"]}}],"collection":[{"href":"https:\/\/www.radiopresidenteibanez.cl\/web\/wp-json\/wp\/v2\/posts"}],"about":[{"href":"https:\/\/www.radiopresidenteibanez.cl\/web\/wp-json\/wp\/v2\/types\/post"}],"author":[{"embeddable":true,"href":"https:\/\/www.radiopresidenteibanez.cl\/web\/wp-json\/wp\/v2\/users\/2"}],"replies":[{"embeddable":true,"href":"https:\/\/www.radiopresidenteibanez.cl\/web\/wp-json\/wp\/v2\/comments?post=3526"}],"version-history":[{"count":0,"href":"https:\/\/www.radiopresidenteibanez.cl\/web\/wp-json\/wp\/v2\/posts\/3526\/revisions"}],"wp:featuredmedia":[{"embeddable":true,"href":"https:\/\/www.radiopresidenteibanez.cl\/web\/wp-json\/wp\/v2\/media\/3527"}],"wp:attachment":[{"href":"https:\/\/www.radiopresidenteibanez.cl\/web\/wp-json\/wp\/v2\/media?parent=3526"}],"wp:term":[{"taxonomy":"category","embeddable":true,"href":"https:\/\/www.radiopresidenteibanez.cl\/web\/wp-json\/wp\/v2\/categories?post=3526"},{"taxonomy":"post_tag","embeddable":true,"href":"https:\/\/www.radiopresidenteibanez.cl\/web\/wp-json\/wp\/v2\/tags?post=3526"}],"curies":[{"name":"wp","href":"https:\/\/api.w.org\/{rel}","templated":true}]}}