{"id":35258,"date":"2022-12-03T19:10:00","date_gmt":"2022-12-03T22:10:00","guid":{"rendered":"https:\/\/www.radiopresidenteibanez.cl\/web\/?p=35258"},"modified":"2022-12-04T13:36:37","modified_gmt":"2022-12-04T16:36:37","slug":"declaracion-de-funcionarias-de-la-secretaria-regional-de-desarrollo-social-y-familia","status":"publish","type":"post","link":"https:\/\/www.radiopresidenteibanez.cl\/web\/declaracion-de-funcionarias-de-la-secretaria-regional-de-desarrollo-social-y-familia\/","title":{"rendered":"<strong>DECLARACI\u00d3N DE FUNCIONARIAS DE LA SECRETAR\u00cdA REGIONAL DE DESARROLLO SOCIAL Y FAMILIA<\/strong>"},"content":{"rendered":"\n<p>Nos dirigimos y nos identificamos como funcionarias de la Secretar\u00eda Regional Ministerial de Desarrollo Social y Familia de Magallanes y de la Ant\u00e1rtica Chilena, y hemos tomado la decisi\u00f3n de hablar p\u00fablicamente y de forma voluntaria sobre las graves acusaciones realizadas ayer en los medios de comunicaci\u00f3n por parte de algunas funcionarias de nuestra instituci\u00f3n.<\/p>\n\n\n\n<p>Queremos enfatizar que no compartimos las acusaciones efectuadas en contra de nuestro Secretario Regional, Danilo Mimica Mansilla, y del Jefe de Gabinete, Mauricio Tapia Tapia, donde se les vinculan a pr\u00e1cticas de hostigamiento laboral, persecuci\u00f3n, maltrato, acoso y vulneraciones a la protecci\u00f3n de la maternidad en nuestra organizaci\u00f3n.<\/p>\n\n\n\n<p>Manifestamos que no hemos presenciado, ni tampoco visto expuestas a situaciones como las descritas, y declaramos que las trece funcionarias que firmamos esta carta jam\u00e1s nos hemos sentido vulneradas en nuestros derechos por parte de la actual autoridad regional, ni nos constan los hechos denunciados. Adem\u00e1s, es importante se\u00f1alar nuestro irrestricto apoyo a los derechos maternales, lo cual no significa respaldar los hechos denunciados.<\/p>\n\n\n\n<p>Durante estos nueve meses del actual Gobierno, el Seremi Danilo Mimica ha mantenido las puertas abiertas para expresar libremente nuestras necesidades, opiniones sobre el trabajo, clima laboral y tem\u00e1ticas personales. Todas sabemos que existen canales y formas, tanto en el contexto de la administraci\u00f3n p\u00fablica y judicial, para expresar o denunciar situaciones que vulneren nuestros derechos.&nbsp;<\/p>\n\n\n\n<p>Se adhieren a esta declaraci\u00f3n las siguientes funcionarias que son parte de la Seremi de Desarrollo Social y Familia:<\/p>\n\n\n\n<p>\u00b7&nbsp;&nbsp;&nbsp;&nbsp;&nbsp;&nbsp;&nbsp;Andrea \u00c1lvarez Damianovic<\/p>\n\n\n\n<p>\u00b7&nbsp;&nbsp;&nbsp;&nbsp;&nbsp;&nbsp;&nbsp;Ximena Antoine Van Aken<\/p>\n\n\n\n<p>\u00b7&nbsp;&nbsp;&nbsp;&nbsp;&nbsp;&nbsp;&nbsp;Claudia Barrientos Gallardo<\/p>\n\n\n\n<p>\u00b7&nbsp;&nbsp;&nbsp;&nbsp;&nbsp;&nbsp;&nbsp;Mar\u00eda Chiguay Ovalle<\/p>\n\n\n\n<p>\u00b7&nbsp;&nbsp;&nbsp;&nbsp;&nbsp;&nbsp;&nbsp;Evelyn C\u00f3rdova Mar\u00edn<\/p>\n\n\n\n<p>\u00b7&nbsp;&nbsp;&nbsp;&nbsp;&nbsp;&nbsp;&nbsp;Marcela D\u00edaz Beros<\/p>\n\n\n\n<p>\u00b7&nbsp;&nbsp;&nbsp;&nbsp;&nbsp;&nbsp;&nbsp;Joseline Hern\u00e1ndez Pradenas<\/p>\n\n\n\n<p>\u00b7&nbsp;&nbsp;&nbsp;&nbsp;&nbsp;&nbsp;&nbsp;Marcela Larravide Descouvieres<\/p>\n\n\n\n<p>\u00b7&nbsp;&nbsp;&nbsp;&nbsp;&nbsp;&nbsp;&nbsp;Mar\u00eda Consuelo Luna Bernedo<\/p>\n\n\n\n<p>\u00b7&nbsp;&nbsp;&nbsp;&nbsp;&nbsp;&nbsp;&nbsp;Pamela Oyarz\u00fan Ag\u00fcero<\/p>\n\n\n\n<p>\u00b7&nbsp;&nbsp;&nbsp;&nbsp;&nbsp;&nbsp;&nbsp;Jessica Soto Palma<\/p>\n\n\n\n<p>\u00b7&nbsp;&nbsp;&nbsp;&nbsp;&nbsp;&nbsp;&nbsp;Ingrid Thormann Fuentes<\/p>\n\n\n\n<p>\u00b7&nbsp;&nbsp;&nbsp;&nbsp;&nbsp;&nbsp;&nbsp;Elizabeth Verdugo Alvarado<\/p>\n","protected":false},"excerpt":{"rendered":"<p>Nos dirigimos y nos identificamos como funcionarias de la Secretar\u00eda Regional Ministerial de Desarrollo Social y Familia de Magallanes y de la Ant\u00e1rtica Chilena, y hemos tomado la decisi\u00f3n de&#8230; <a class=\"read-more\" href=\"https:\/\/www.radiopresidenteibanez.cl\/web\/declaracion-de-funcionarias-de-la-secretaria-regional-de-desarrollo-social-y-familia\/\">Leer m\u00e1s<\/a><\/p>\n","protected":false},"author":2,"featured_media":35259,"comment_status":"closed","ping_status":"closed","sticky":false,"template":"","format":"standard","meta":{"footnotes":""},"categories":[1],"tags":[],"class_list":["post-35258","post","type-post","status-publish","format-standard","has-post-thumbnail","hentry","category-cronica"],"_links":{"self":[{"href":"https:\/\/www.radiopresidenteibanez.cl\/web\/wp-json\/wp\/v2\/posts\/35258","targetHints":{"allow":["GET"]}}],"collection":[{"href":"https:\/\/www.radiopresidenteibanez.cl\/web\/wp-json\/wp\/v2\/posts"}],"about":[{"href":"https:\/\/www.radiopresidenteibanez.cl\/web\/wp-json\/wp\/v2\/types\/post"}],"author":[{"embeddable":true,"href":"https:\/\/www.radiopresidenteibanez.cl\/web\/wp-json\/wp\/v2\/users\/2"}],"replies":[{"embeddable":true,"href":"https:\/\/www.radiopresidenteibanez.cl\/web\/wp-json\/wp\/v2\/comments?post=35258"}],"version-history":[{"count":0,"href":"https:\/\/www.radiopresidenteibanez.cl\/web\/wp-json\/wp\/v2\/posts\/35258\/revisions"}],"wp:featuredmedia":[{"embeddable":true,"href":"https:\/\/www.radiopresidenteibanez.cl\/web\/wp-json\/wp\/v2\/media\/35259"}],"wp:attachment":[{"href":"https:\/\/www.radiopresidenteibanez.cl\/web\/wp-json\/wp\/v2\/media?parent=35258"}],"wp:term":[{"taxonomy":"category","embeddable":true,"href":"https:\/\/www.radiopresidenteibanez.cl\/web\/wp-json\/wp\/v2\/categories?post=35258"},{"taxonomy":"post_tag","embeddable":true,"href":"https:\/\/www.radiopresidenteibanez.cl\/web\/wp-json\/wp\/v2\/tags?post=35258"}],"curies":[{"name":"wp","href":"https:\/\/api.w.org\/{rel}","templated":true}]}}